{"id":1029,"date":"2015-03-16T21:02:20","date_gmt":"2015-03-16T19:02:20","guid":{"rendered":"http:\/\/uar.es\/?p=1029"},"modified":"2015-03-16T21:02:20","modified_gmt":"2015-03-16T19:02:20","slug":"francisco-aragon-campio-despanya-de-cross-categoria-m-60","status":"publish","type":"post","link":"https:\/\/uar.es\/?p=1029","title":{"rendered":"FRANCISCO ARAGON CAMPI\u00d3 D&#8217;ESPANYA DE CROSS CATEGORIA M-60"},"content":{"rendered":"<p><a href=\"http:\/\/uar.es\/wp-content\/uploads\/2015\/03\/aragon1.gif\"><img loading=\"lazy\" class=\"alignnone size-medium wp-image-1031\" src=\"http:\/\/uar.es\/wp-content\/uploads\/2015\/03\/aragon1-220x300.gif\" alt=\"aragon\" width=\"220\" height=\"300\" \/><\/a><\/p>\n<p>El passat Diumenge 15 de Mar\u00e7 de 2015 es va celebrar el campionat d&#8217;Espanya de Cross a la localitat madrilenya d&#8217; Alcobendas. El nostre soci i atleta Francisco Arag\u00f3n va guanyar la seva categor\u00eda M-60 en un dur circu\u00eft situat al parc central <span style=\"color: #000000;\">d&#8217;Alcobendas<\/span><\/p>\n<p>En un recorregut de m\u00e9s de 6 quil\u00f2metres va establir\u00a0un temps de 23&#8242; 28\u00bb\u00a0, superant al segon classificat en m\u00e9s 30 segons.<\/p>\n<p>Volem felicitar-lo per la seva gran actuaci\u00f3.<\/p>\n<p>Enlla\u00e7 Resultats de la prova:<\/p>\n<p>http:\/\/resultados.rfea.es\/2015\/resultados\/cross\/vet_cross_clubes.pdf<\/p>\n<p align=\"LEFT\">\n<p align=\"LEFT\">\n<p>&nbsp;<\/p>\n","protected":false},"excerpt":{"rendered":"<p>El passat Diumenge 15 de Mar\u00e7 de 2015 es va celebrar el campionat d&#8217;Espanya de Cross a la localitat madrilenya d&#8217; Alcobendas. El nostre soci i atleta Francisco Arag\u00f3n va guanyar la seva categor\u00eda M-60 en un dur circu\u00eft situat al parc central d&#8217;Alcobendas En un recorregut de m\u00e9s de 6 quil\u00f2metres va establir\u00a0un temps [&hellip;]<\/p>\n","protected":false},"author":3,"featured_media":0,"comment_status":"closed","ping_status":"closed","sticky":false,"template":"","format":"standard","meta":[],"categories":[2],"tags":[],"_links":{"self":[{"href":"https:\/\/uar.es\/index.php?rest_route=\/wp\/v2\/posts\/1029"}],"collection":[{"href":"https:\/\/uar.es\/index.php?rest_route=\/wp\/v2\/posts"}],"about":[{"href":"https:\/\/uar.es\/index.php?rest_route=\/wp\/v2\/types\/post"}],"author":[{"embeddable":true,"href":"https:\/\/uar.es\/index.php?rest_route=\/wp\/v2\/users\/3"}],"replies":[{"embeddable":true,"href":"https:\/\/uar.es\/index.php?rest_route=%2Fwp%2Fv2%2Fcomments&post=1029"}],"version-history":[{"count":3,"href":"https:\/\/uar.es\/index.php?rest_route=\/wp\/v2\/posts\/1029\/revisions"}],"predecessor-version":[{"id":1034,"href":"https:\/\/uar.es\/index.php?rest_route=\/wp\/v2\/posts\/1029\/revisions\/1034"}],"wp:attachment":[{"href":"https:\/\/uar.es\/index.php?rest_route=%2Fwp%2Fv2%2Fmedia&parent=1029"}],"wp:term":[{"taxonomy":"category","embeddable":true,"href":"https:\/\/uar.es\/index.php?rest_route=%2Fwp%2Fv2%2Fcategories&post=1029"},{"taxonomy":"post_tag","embeddable":true,"href":"https:\/\/uar.es\/index.php?rest_route=%2Fwp%2Fv2%2Ftags&post=1029"}],"curies":[{"name":"wp","href":"https:\/\/api.w.org\/{rel}","templated":true}]}}