{"id":1076,"date":"2015-04-21T22:39:40","date_gmt":"2015-04-21T20:39:40","guid":{"rendered":"http:\/\/uar.es\/?p=1076"},"modified":"2015-04-21T22:39:40","modified_gmt":"2015-04-21T20:39:40","slug":"destacada-participacio-de-la-uar-a-la-lliga-catalana-de-clubs","status":"publish","type":"post","link":"https:\/\/uar.es\/?p=1076","title":{"rendered":"DESTACADA PARTICIPACI\u00d3 DE LA UAR A LA LLIGA CATALANA DE CLUBS"},"content":{"rendered":"<p>&nbsp;<\/p>\n<p><a href=\"http:\/\/uar.es\/wp-content\/uploads\/2015\/04\/2015-04-11-635.jpg\"><img loading=\"lazy\" class=\"alignnone size-medium wp-image-1077\" src=\"http:\/\/uar.es\/wp-content\/uploads\/2015\/04\/2015-04-11-635-199x300.jpg\" alt=\"2015-04-11 635\" width=\"199\" height=\"300\" srcset=\"https:\/\/uar.es\/wp-content\/uploads\/2015\/04\/2015-04-11-635-199x300.jpg 199w, https:\/\/uar.es\/wp-content\/uploads\/2015\/04\/2015-04-11-635.jpg 398w\" sizes=\"(max-width: 199px) 100vw, 199px\" \/><\/a><\/p>\n<p><span id=\"result_box\" lang=\"ca\"><span title=\"Los pasados dos fines de semana se ha realizado la fase previa del campeonato de Catalu\u00f1a de clubs de Atletismo.\">Els passats dos caps de setmana s&#8217;ha realitzat la fase pr\u00e8via del campionat de Catalunya de clubs d&#8217;Atletisme. <\/span><span title=\"La Uni\u00f3 Atl\u00e8tica Rub\u00ed particip\u00f3 encuadrada en el grupo D junto a otros clubs del Vall\u00e8s como la Uni\u00f3 Atl\u00e8tica Terrassa y la Joventut Atl\u00e8tica Sabadell.\n\">La Uni\u00f3 Atl\u00e8tica Rub\u00ed va participar enquadrada en el grup D al costat d&#8217;altres clubs del Vall\u00e8s com la Uni\u00f3 Atl\u00e8tica Terrassa i la Joventut Atl\u00e8tica Sabadell.<br \/>\n<\/span><span title=\"En esta competici\u00f3n se realizan todas las pruebas que engloba el atletismo y cada club debe inscribir dos atletas masculinos y femeninos en cada una de ellas.\">En aquesta competici\u00f3 es realitzen totes les proves que engloba l&#8217;atletisme i cada club ha\u00a0d&#8217;inscriure dos atletes masculins i femenins en cadascuna d&#8217;elles. <\/span><span title=\"La clasificaci\u00f3n se realiza de manera similar al decatl\u00f3n donde se asignan unos puntos en funci\u00f3n de las marcas obtenidas.\n\">La classificaci\u00f3 es realitza de manera similar al decatl\u00f3 on s&#8217;assignen uns punts en funci\u00f3 de les marques obtingudes.<br \/>\n<\/span><span title=\"En la primera jornada (Terrassa) el club rubinense acaba en quinta posici\u00f3n tras Sabadell, Terrassa, Barber\u00e0 y Montornes.\">A la primera jornada (Terrassa) el club rubinenc acaba en cinquena posici\u00f3 despr\u00e9s de Sabadell, Terrassa, Barber\u00e0 i Montornes. <\/span><span title=\"Sin embargo los atletas de la UAR cuajaron una muy buena actuaci\u00f3n, destacando el primer puesto de Iker G\u00f3mez en los 400m lisos y la primera posici\u00f3n del equipo de relevos 4x100m masculino (I. G\u00f3mez, G. Oll\u00e8, C. Ballest\u00edn y D. Guerrero\">Tot i aix\u00f2, els atletes de la UAR van quallar una molt bona actuaci\u00f3, destacant el primer lloc d&#8217;Iker G\u00f3mez en els 400m llisos i la primera posici\u00f3 de l&#8217;equip de relleus 4x100m mascul\u00ed (I. G\u00f3mez, G. Oll\u00e8, C. Ballest\u00edn i D. Guerrero <\/span><span title=\"), con record local incluido, 43\u201d49s.\n\">), amb record local incl\u00f2s, 43 \u00ab49s.<br \/>\n<\/span><span title=\"En la segunda jornada (Castellar del Vall\u00e8s) el club perdi\u00f3 la quinta posici\u00f3n en beneficio del Club Atl\u00e8tic Granollers debido a varias bajas que impidieron cubrir todas las pruebas a disputar con los dos atletas pertinentes.\">A la segona jornada (Castellar del Vall\u00e8s) el club va perdre la cinquena posici\u00f3 en benefici del Club Atl\u00e8tic Granollers a causa de diverses baixes que van impedir cobrir totes les proves a disputar amb els dos atletes pertinents. <\/span><span title=\"A destacar la segunda posici\u00f3n de Iker G\u00f3mez en los 400m vallas y la tercera de Clara Egea en los 200m.\">A destacar la segona posici\u00f3 d&#8217;Iker G\u00f3mez en els 400m tanques i la tercera de Clara Egea en els 200m. <\/span><span title=\"En el relevo 4x400m femenino (C. Egea, L. Domingo, E. Vilches y L. Saumell) la victoria se escap\u00f3 sobre la l\u00ednea de meta.\n\">En el relleu 4x400m femen\u00ed (C. Egea, L. Diumenge, E. Vilches i L. Saumell) la vict\u00f2ria es va escapar sobre la l\u00ednia de meta.<br \/>\n<\/span><span title=\"Finalmente la UAR disputara el pr\u00f3ximo domingo la final dentro del grupo C, junto al Vic, Granollers, Nou Barris, Barcelona Atletisme, Universitari , Tarragona y Girona Costa Brava.\n\">Finalment la UAR disputar\u00e0 el diumenge la final dins del grup C, al costat del Vic, Granollers, Nou Barris, Barcelona Atletisme, Universitari, Tarragona i Girona Costa Brava.<br \/>\n<\/span><span title=\"Desde el club agradecemos a todos los atletas su participaci\u00f3n, especialmente a aquellos que en beneficio del equipo disputan pruebas ajenas a su especialidad\">Des del club agra\u00efm a tots els atletes seva participaci\u00f3, especialment a aquells que en benefici de l&#8217;equip disputen proves alienes a la seva especialitat<\/span><\/span><\/p>\n<div id=\"gt-edit\">\n<div><textarea id=\"contribute-target\" class=\"goog-textarea\" dir=\"ltr\" tabindex=\"0\" spellcheck=\"false\" name=\"edit-text\" rows=\"1\" wrap=\"SOFT\"><\/textarea><\/p>\n<div id=\"gt-clear\" class=\"clear-button goog-toolbar-button\" data-tooltip-align=\"t,c\" data-tooltip=\"Borrar texto\"><\/div>\n<\/div>\n<\/div>\n<div id=\"gt-res-tools\"><\/div>\n","protected":false},"excerpt":{"rendered":"<p>&nbsp; Els passats dos caps de setmana s&#8217;ha realitzat la fase pr\u00e8via del campionat de Catalunya de clubs d&#8217;Atletisme. La Uni\u00f3 Atl\u00e8tica Rub\u00ed va participar enquadrada en el grup D al costat d&#8217;altres clubs del Vall\u00e8s com la Uni\u00f3 Atl\u00e8tica Terrassa i la Joventut Atl\u00e8tica Sabadell. En aquesta competici\u00f3 es realitzen totes les proves que [&hellip;]<\/p>\n","protected":false},"author":3,"featured_media":0,"comment_status":"closed","ping_status":"closed","sticky":false,"template":"","format":"standard","meta":[],"categories":[2],"tags":[],"_links":{"self":[{"href":"https:\/\/uar.es\/index.php?rest_route=\/wp\/v2\/posts\/1076"}],"collection":[{"href":"https:\/\/uar.es\/index.php?rest_route=\/wp\/v2\/posts"}],"about":[{"href":"https:\/\/uar.es\/index.php?rest_route=\/wp\/v2\/types\/post"}],"author":[{"embeddable":true,"href":"https:\/\/uar.es\/index.php?rest_route=\/wp\/v2\/users\/3"}],"replies":[{"embeddable":true,"href":"https:\/\/uar.es\/index.php?rest_route=%2Fwp%2Fv2%2Fcomments&post=1076"}],"version-history":[{"count":2,"href":"https:\/\/uar.es\/index.php?rest_route=\/wp\/v2\/posts\/1076\/revisions"}],"predecessor-version":[{"id":1079,"href":"https:\/\/uar.es\/index.php?rest_route=\/wp\/v2\/posts\/1076\/revisions\/1079"}],"wp:attachment":[{"href":"https:\/\/uar.es\/index.php?rest_route=%2Fwp%2Fv2%2Fmedia&parent=1076"}],"wp:term":[{"taxonomy":"category","embeddable":true,"href":"https:\/\/uar.es\/index.php?rest_route=%2Fwp%2Fv2%2Fcategories&post=1076"},{"taxonomy":"post_tag","embeddable":true,"href":"https:\/\/uar.es\/index.php?rest_route=%2Fwp%2Fv2%2Ftags&post=1076"}],"curies":[{"name":"wp","href":"https:\/\/api.w.org\/{rel}","templated":true}]}}