{"id":1085,"date":"2015-04-28T14:18:47","date_gmt":"2015-04-28T12:18:47","guid":{"rendered":"http:\/\/uar.es\/?p=1085"},"modified":"2015-04-28T23:07:51","modified_gmt":"2015-04-28T21:07:51","slug":"segona-posicio-de-la-unio-atletica-rubi-a-la-final-de-la-lliga-de-clubs","status":"publish","type":"post","link":"https:\/\/uar.es\/?p=1085","title":{"rendered":"SEGONA POSICI\u00d3 DE LA UNI\u00d3 ATL\u00c8TICA RUB\u00cd A LA FINAL DE LA LLIGA DE CLUBS"},"content":{"rendered":"<p><a href=\"http:\/\/uar.es\/wp-content\/uploads\/2015\/04\/FOTO.jpg\"><img loading=\"lazy\" class=\"alignnone size-medium wp-image-1086\" src=\"http:\/\/uar.es\/wp-content\/uploads\/2015\/04\/FOTO-300x199.jpg\" alt=\"FOTO\" width=\"300\" height=\"199\" srcset=\"https:\/\/uar.es\/wp-content\/uploads\/2015\/04\/FOTO-300x199.jpg 300w, https:\/\/uar.es\/wp-content\/uploads\/2015\/04\/FOTO-500x331.jpg 500w, https:\/\/uar.es\/wp-content\/uploads\/2015\/04\/FOTO.jpg 600w\" sizes=\"(max-width: 300px) 100vw, 300px\" \/><\/a><\/p>\n<p><span title=\"El pasado fin de semana se disputo la final del campeonato de Catalunya de Clubs.\">El passat cap de setmana es va disputar la final del campionat de Catalunya de Clubs. <\/span><span title=\"La Uni\u00f3 Atletica Rub\u00ed particip\u00f3 en el grupo \u201cC\u201d, junto al CA Tarragona, CA Universitari, Barcelona Atletisme, CA Vic, Girona C.Brava y CA Granollers.\">La Uni\u00f3 Atletica Rub\u00ed va participar en el grup \u00abC\u00bb, al costat del CA Tarragona, CA Universitari, Barcelona Atletisme, CA Vic, Girona C.Brava i CA Granollers. <\/span><span title=\"El encuentro se disput\u00f3 en la Ciudad de Palafrugell, lo que conlleva la presencia de fuerte viento, desluciendo las pruebas de velocidad.&lt;br \/&gt;\n\">La trobada es va disputar a la Ciutat de Palafrugell, el que comporta la pres\u00e8ncia de fort vent, deslluint les proves de velocitat.<br \/>\n<\/span><span title=\"Las primeres pruebas de la ma\u00f1ana no fueron muy propicias para el club rubinense a excepci\u00f3n de la marcha atl\u00e8tica donde el incombustible Ignasi Melo logro la victoria y Andrea Arjona el tercer puesto.\">Les primeres proves del mat\u00ed no van ser molt prop\u00edcies per al club rubinenc a excepci\u00f3 de la marxa atl\u00e8tica on l&#8217;incombustible Ignasi Melo \u00e8xit la vict\u00f2ria i Andrea Arjona el tercer lloc. <\/span><span title=\"La puntuaci\u00f3n parcial situaba a la UAR en una quinta posici\u00f3n provisional.&lt;br \/&gt;\n\">La puntuaci\u00f3 parcial situava a la UAR en una cinquena posici\u00f3 provisional.<br \/>\n<\/span><span title=\"Con la llegada de las pruebas de velocidad y medio fondo empez\u00f3 la remontada del club rubinense, empezando a cosechar victorias y p\u00f3diums.\">Amb l&#8217;arribada de les proves de velocitat i mig fons va comen\u00e7ar la remuntada del club rubinenc, comen\u00e7ant a collir vict\u00f2ries i podis. <\/span><span title=\"Carlos Ballest\u00edn y Clara Egea acabaron segundos en los 100m al igual que Laia Saumell y Miquel Egea en los 200 y los 1500m respectivamente.\">Carlos Ballest\u00edn i Clara Egea van acabar segons en els 100m igual que la Laia Saumell i Miquel Egea en els 200 i els 1500m respectivament. <\/span><span title=\"Tambi\u00e9n fueron segundos Eric P\u00e9rez y Marta Justo en el salto de altura.\">Tamb\u00e9 van ser segons Eric P\u00e9rez i Marta Just en el salt d&#8217;al\u00e7ada. <\/span><span title=\"Las victorias vinieron de la mano de \u00c1ngel G\u00f3mez y Laura Domingo en los 400m lisos, Iker G\u00f3mez en los 400m vallas y Guillem Oll\u00e8 en los 200m.\">Les vict\u00f2ries van venir de la m\u00e0 d&#8217;\u00c1ngel G\u00f3mez i Laura Domingo a els 400m llisos, Iker G\u00f3mez en els 400m tanques i Guillem Oll\u00e8 en els 200m. <\/span><span title=\"El relevo 4x400m volvi\u00f3 a brillar y consigui\u00f3 una nueva victoria en la \u00faltima carrera del encuentro.&lt;br \/&gt;\n\">El relleu 4x400m va tornar a brillar i va aconseguir una nova vict\u00f2ria en l&#8217;\u00faltima carrera de la trobada.<br \/>\n<\/span><span title=\"Tras el recuento final la UAR se colocaba en una meritoria segunda posici\u00f3n, solamente superada por el CA Nou Barris.\">Despr\u00e9s del recompte final la UAR es col\u00b7locava en una merit\u00f2ria segona posici\u00f3, nom\u00e9s superada pel CA Nou Barris.<\/span><\/p>\n<p>Resultats:<\/p>\n<p><a href=\"http:\/\/uar.es\/wp-content\/uploads\/2015\/04\/Final-Lliga-grup-C-Palafrugell-26-04-2015.pdf\">Final Lliga grup C Palafrugell 26-04-2015<\/a><\/p>\n<p>Fotograf\u00edes:<\/p>\n<p><a href=\"https:\/\/plus.google.com\/photos\/101539279658171597194\/albums\/6142807017893931953\"><span style=\"color: #0000ff; font-family: Times New Roman; font-size: medium;\">https:\/\/plus.google.com\/photos\/101539279658171597194\/albums\/6142807017893931953<\/span><\/a><\/p>\n<p>&nbsp;<\/p>\n<p>&nbsp;<\/p>\n","protected":false},"excerpt":{"rendered":"<p>El passat cap de setmana es va disputar la final del campionat de Catalunya de Clubs. La Uni\u00f3 Atletica Rub\u00ed va participar en el grup \u00abC\u00bb, al costat del CA Tarragona, CA Universitari, Barcelona Atletisme, CA Vic, Girona C.Brava i CA Granollers. La trobada es va disputar a la Ciutat de Palafrugell, el que comporta [&hellip;]<\/p>\n","protected":false},"author":3,"featured_media":0,"comment_status":"closed","ping_status":"closed","sticky":false,"template":"","format":"standard","meta":[],"categories":[2],"tags":[],"_links":{"self":[{"href":"https:\/\/uar.es\/index.php?rest_route=\/wp\/v2\/posts\/1085"}],"collection":[{"href":"https:\/\/uar.es\/index.php?rest_route=\/wp\/v2\/posts"}],"about":[{"href":"https:\/\/uar.es\/index.php?rest_route=\/wp\/v2\/types\/post"}],"author":[{"embeddable":true,"href":"https:\/\/uar.es\/index.php?rest_route=\/wp\/v2\/users\/3"}],"replies":[{"embeddable":true,"href":"https:\/\/uar.es\/index.php?rest_route=%2Fwp%2Fv2%2Fcomments&post=1085"}],"version-history":[{"count":4,"href":"https:\/\/uar.es\/index.php?rest_route=\/wp\/v2\/posts\/1085\/revisions"}],"predecessor-version":[{"id":1091,"href":"https:\/\/uar.es\/index.php?rest_route=\/wp\/v2\/posts\/1085\/revisions\/1091"}],"wp:attachment":[{"href":"https:\/\/uar.es\/index.php?rest_route=%2Fwp%2Fv2%2Fmedia&parent=1085"}],"wp:term":[{"taxonomy":"category","embeddable":true,"href":"https:\/\/uar.es\/index.php?rest_route=%2Fwp%2Fv2%2Fcategories&post=1085"},{"taxonomy":"post_tag","embeddable":true,"href":"https:\/\/uar.es\/index.php?rest_route=%2Fwp%2Fv2%2Ftags&post=1085"}],"curies":[{"name":"wp","href":"https:\/\/api.w.org\/{rel}","templated":true}]}}