{"id":1093,"date":"2015-05-04T11:20:58","date_gmt":"2015-05-04T09:20:58","guid":{"rendered":"http:\/\/uar.es\/?p=1093"},"modified":"2015-05-04T11:20:58","modified_gmt":"2015-05-04T09:20:58","slug":"trofeu-pratenc","status":"publish","type":"post","link":"https:\/\/uar.es\/?p=1093","title":{"rendered":"TROFEU PRATENC"},"content":{"rendered":"<p style=\"text-align: justify;\"><a href=\"http:\/\/uar.es\/wp-content\/uploads\/2015\/05\/IMG-20150501-WA0003.jpg\"><img loading=\"lazy\" class=\"alignleft wp-image-1095 size-medium\" src=\"http:\/\/uar.es\/wp-content\/uploads\/2015\/05\/IMG-20150501-WA0003-168x300.jpg\" alt=\"IMG-20150501-WA0003\" width=\"168\" height=\"300\" srcset=\"https:\/\/uar.es\/wp-content\/uploads\/2015\/05\/IMG-20150501-WA0003-168x300.jpg 168w, https:\/\/uar.es\/wp-content\/uploads\/2015\/05\/IMG-20150501-WA0003.jpg 337w\" sizes=\"(max-width: 168px) 100vw, 168px\" \/><\/a>Aquest 1 de maig s\u2019ha disputat el tradicional Trofeu Pratenc per a les categories de promoci\u00f3. La UAR ha participat amb un total de 40 atletes de l\u2019escola en les diferents disciplines, aconseguint alguns resultats de m\u00e8rit. Cal destacar les seg\u00fcents actuacions:<br \/>\n1a Laia Vargas en 60 mll benjam\u00ed femen\u00ed<br \/>\n2n Iv\u00e1n Garc\u00eda en 60 mll benjam\u00ed mascul\u00ed<br \/>\n2n Jan Badia en 1000 mll infantil mascul\u00ed (gran marca de 2:58:98)<br \/>\n3a Violeta Vilches en 600 mll alev\u00ed femen\u00ed<br \/>\n3r Aketza Sumell en llargada benjam\u00ed mascul\u00ed<br \/>\n5\u00e8 Yone Campos en llargada benjam\u00ed mascul\u00ed<br \/>\nPer altra banda, aquest diumenge dia 3 de maig a Sant Cugat del Vall\u00e8s es va celebrar la 2a edici\u00f3 a la Diada de la velocitat organitzada pel Club Muntanyenc. La UAR va tenir una petita representaci\u00f3 aconseguint 3 vict\u00f2ries i 2 segons llocs i el que \u00e9s m\u00e9s important, es van assolir marques personals. Aquests van ser els resultats:<br \/>\n1a Laia Vargas en 60 mll benjam\u00ed femen\u00ed amb una marca de 9:66<br \/>\n1er Iv\u00e1n Garc\u00eda en 60 mll benjam\u00ed mascul\u00ed amb una marca de 9:75<br \/>\n1er Oriol Ard\u00e8vol en 60 mt alev\u00ed mascul\u00ed amb una marca de 10:62<br \/>\n2n Yeray Campos en 80 mll infantil masc.(marca de 11:22) i llargada (marca de 4,72)<\/p>\n<p style=\"text-align: justify;\"><a href=\"http:\/\/uar.es\/wp-content\/uploads\/2015\/05\/IMG-20150501-WA0000.jpg\"><img loading=\"lazy\" class=\"aligncenter wp-image-1094 size-full\" src=\"http:\/\/uar.es\/wp-content\/uploads\/2015\/05\/IMG-20150501-WA0000.jpg\" alt=\"IMG-20150501-WA0000\" width=\"600\" height=\"444\" srcset=\"https:\/\/uar.es\/wp-content\/uploads\/2015\/05\/IMG-20150501-WA0000.jpg 600w, https:\/\/uar.es\/wp-content\/uploads\/2015\/05\/IMG-20150501-WA0000-300x222.jpg 300w, https:\/\/uar.es\/wp-content\/uploads\/2015\/05\/IMG-20150501-WA0000-500x370.jpg 500w\" sizes=\"(max-width: 600px) 100vw, 600px\" \/><\/a><\/p>\n","protected":false},"excerpt":{"rendered":"<p>Aquest 1 de maig s\u2019ha disputat el tradicional Trofeu Pratenc per a les categories de promoci\u00f3. La UAR ha participat amb un total de 40 atletes de l\u2019escola en les diferents disciplines, aconseguint alguns resultats de m\u00e8rit. Cal destacar les seg\u00fcents actuacions: 1a Laia Vargas en 60 mll benjam\u00ed femen\u00ed 2n Iv\u00e1n Garc\u00eda en 60 [&hellip;]<\/p>\n","protected":false},"author":6,"featured_media":0,"comment_status":"closed","ping_status":"closed","sticky":false,"template":"","format":"standard","meta":[],"categories":[2],"tags":[],"_links":{"self":[{"href":"https:\/\/uar.es\/index.php?rest_route=\/wp\/v2\/posts\/1093"}],"collection":[{"href":"https:\/\/uar.es\/index.php?rest_route=\/wp\/v2\/posts"}],"about":[{"href":"https:\/\/uar.es\/index.php?rest_route=\/wp\/v2\/types\/post"}],"author":[{"embeddable":true,"href":"https:\/\/uar.es\/index.php?rest_route=\/wp\/v2\/users\/6"}],"replies":[{"embeddable":true,"href":"https:\/\/uar.es\/index.php?rest_route=%2Fwp%2Fv2%2Fcomments&post=1093"}],"version-history":[{"count":1,"href":"https:\/\/uar.es\/index.php?rest_route=\/wp\/v2\/posts\/1093\/revisions"}],"predecessor-version":[{"id":1096,"href":"https:\/\/uar.es\/index.php?rest_route=\/wp\/v2\/posts\/1093\/revisions\/1096"}],"wp:attachment":[{"href":"https:\/\/uar.es\/index.php?rest_route=%2Fwp%2Fv2%2Fmedia&parent=1093"}],"wp:term":[{"taxonomy":"category","embeddable":true,"href":"https:\/\/uar.es\/index.php?rest_route=%2Fwp%2Fv2%2Fcategories&post=1093"},{"taxonomy":"post_tag","embeddable":true,"href":"https:\/\/uar.es\/index.php?rest_route=%2Fwp%2Fv2%2Ftags&post=1093"}],"curies":[{"name":"wp","href":"https:\/\/api.w.org\/{rel}","templated":true}]}}