{"id":1100,"date":"2015-05-12T12:56:09","date_gmt":"2015-05-12T10:56:09","guid":{"rendered":"http:\/\/uar.es\/?p=1100"},"modified":"2015-05-13T22:25:21","modified_gmt":"2015-05-13T20:25:21","slug":"ferran-merino-2n-classificat-en-el-campionat-gironi-de-proves-combinades","status":"publish","type":"post","link":"https:\/\/uar.es\/?p=1100","title":{"rendered":"Ferran Merino 2n. classificat en el Campionat Giron\u00ed de Proves Combinades"},"content":{"rendered":"<p><a href=\"http:\/\/uar.es\/wp-content\/uploads\/2015\/05\/PREVIA-CNAT.-CATALUNYA.jpg\"><img loading=\"lazy\" class=\"alignnone size-medium wp-image-1101\" src=\"http:\/\/uar.es\/wp-content\/uploads\/2015\/05\/PREVIA-CNAT.-CATALUNYA-199x300.jpg\" alt=\"PREVIA CNAT. CATALUNYA\" width=\"199\" height=\"300\" srcset=\"https:\/\/uar.es\/wp-content\/uploads\/2015\/05\/PREVIA-CNAT.-CATALUNYA-199x300.jpg 199w, https:\/\/uar.es\/wp-content\/uploads\/2015\/05\/PREVIA-CNAT.-CATALUNYA.jpg 319w\" sizes=\"(max-width: 199px) 100vw, 199px\" \/><\/a><\/p>\n<p><span lang=\"CA\" style=\"font-family: 'Calibri','sans-serif';\"><span style=\"color: #000000; font-size: medium;\">Aquest cap de setmana s\u2019ha celebrat a Palafrugell el Campionat Giron\u00ed de Proves Combinades amb la participaci\u00f3 de 3 atletes de <\/span><span style=\"color: #000000; font-size: medium;\">la Uni\u00f3 Atl\u00e8tica<\/span><span style=\"color: #000000; font-size: medium;\"> Rub\u00ed<\/span><span style=\"color: #000000; font-size: medium;\"> (2 en categoria masculina i una en femenina) amb una gran actuaci\u00f3 de tots tres.<\/span><\/span><\/p>\n<p><span lang=\"CA\" style=\"font-family: 'Calibri','sans-serif';\"><span style=\"color: #000000; font-size: medium;\">La Maria Blasco<\/span><\/span><span lang=\"CA\" style=\"font-family: 'Calibri','sans-serif';\"><span style=\"color: #000000; font-size: medium;\"> (cadet) va obtenir la 7a posici\u00f3 en l\u2019Hexatl\u00f3. I en categoria cadet mascul\u00ed, el Gerard Merino, en la seva primera participaci\u00f3 en un Octatl\u00f3 va aconseguir la 13a posici\u00f3 situant-se a la meitat de la taula de classificaci\u00f3 final.<\/span><\/span><\/p>\n<p><span lang=\"CA\" style=\"font-family: 'Calibri','sans-serif';\"><span style=\"color: #000000; font-size: medium;\">\u00a0<\/span><\/span><span lang=\"CA\" style=\"font-family: 'Calibri','sans-serif';\"><span style=\"color: #000000; font-size: medium;\">Per\u00f2 sobre tot cal destacar la brillant actuaci\u00f3 del Ferran Merino, que en el seu primer Decatl\u00f3 aconsegu\u00ed situar-se en la 2a posici\u00f3 amb un total de 4.875 punts que li permetran participar en el Campionat de Catalunya.<\/span><\/span><\/p>\n<p>Enlla\u00e7 fotos:<\/p>\n<p><span style=\"color: #000000; font-family: Times New Roman; font-size: medium;\">\/\/<\/span><a href=\"http:\/\/plus.google.com\/photos\/116606575923832037738\/albums\/6148064033261015633\"><span style=\"color: #0000ff; font-family: Times New Roman; font-size: medium;\">plus.google.com\/photos\/116606575923832037738\/albums\/6148064033261015633<\/span><\/a><\/p>\n<p>&nbsp;<\/p>\n<p>&nbsp;<\/p>\n<p>&nbsp;<\/p>\n<p>&nbsp;<\/p>\n<p>&nbsp;<\/p>\n<p>&nbsp;<\/p>\n<p><a href=\"http:\/\/uar.es\/wp-content\/uploads\/2015\/05\/PREVIA-CNAT.-CATALUNYA.jpg\">\u00a0<\/a><\/p>\n","protected":false},"excerpt":{"rendered":"<p>Aquest cap de setmana s\u2019ha celebrat a Palafrugell el Campionat Giron\u00ed de Proves Combinades amb la participaci\u00f3 de 3 atletes de la Uni\u00f3 Atl\u00e8tica Rub\u00ed (2 en categoria masculina i una en femenina) amb una gran actuaci\u00f3 de tots tres. La Maria Blasco (cadet) va obtenir la 7a posici\u00f3 en l\u2019Hexatl\u00f3. I en categoria cadet [&hellip;]<\/p>\n","protected":false},"author":3,"featured_media":0,"comment_status":"closed","ping_status":"closed","sticky":false,"template":"","format":"standard","meta":[],"categories":[2],"tags":[],"_links":{"self":[{"href":"https:\/\/uar.es\/index.php?rest_route=\/wp\/v2\/posts\/1100"}],"collection":[{"href":"https:\/\/uar.es\/index.php?rest_route=\/wp\/v2\/posts"}],"about":[{"href":"https:\/\/uar.es\/index.php?rest_route=\/wp\/v2\/types\/post"}],"author":[{"embeddable":true,"href":"https:\/\/uar.es\/index.php?rest_route=\/wp\/v2\/users\/3"}],"replies":[{"embeddable":true,"href":"https:\/\/uar.es\/index.php?rest_route=%2Fwp%2Fv2%2Fcomments&post=1100"}],"version-history":[{"count":2,"href":"https:\/\/uar.es\/index.php?rest_route=\/wp\/v2\/posts\/1100\/revisions"}],"predecessor-version":[{"id":1103,"href":"https:\/\/uar.es\/index.php?rest_route=\/wp\/v2\/posts\/1100\/revisions\/1103"}],"wp:attachment":[{"href":"https:\/\/uar.es\/index.php?rest_route=%2Fwp%2Fv2%2Fmedia&parent=1100"}],"wp:term":[{"taxonomy":"category","embeddable":true,"href":"https:\/\/uar.es\/index.php?rest_route=%2Fwp%2Fv2%2Fcategories&post=1100"},{"taxonomy":"post_tag","embeddable":true,"href":"https:\/\/uar.es\/index.php?rest_route=%2Fwp%2Fv2%2Ftags&post=1100"}],"curies":[{"name":"wp","href":"https:\/\/api.w.org\/{rel}","templated":true}]}}