{"id":1145,"date":"2015-06-23T08:34:30","date_gmt":"2015-06-23T06:34:30","guid":{"rendered":"http:\/\/uar.es\/?p=1145"},"modified":"2015-06-23T08:35:14","modified_gmt":"2015-06-23T06:35:14","slug":"campionat-de-catalunya-juvenil-junior-i-promesa","status":"publish","type":"post","link":"https:\/\/uar.es\/?p=1145","title":{"rendered":"CAMPIONAT DE CATALUNYA JUVENIL, J\u00daNIOR i PROMESA"},"content":{"rendered":"<p style=\"text-align: justify;\"><strong>La UAR aconsegueix 4 medalles m\u00e9s<\/strong><br \/>\nEl passat cap d<a href=\"http:\/\/uar.es\/wp-content\/uploads\/2015\/06\/142.jpg\"><img loading=\"lazy\" class=\" size-medium wp-image-1146 alignleft\" src=\"http:\/\/uar.es\/wp-content\/uploads\/2015\/06\/142-199x300.jpg\" alt=\"_142\" width=\"199\" height=\"300\" srcset=\"https:\/\/uar.es\/wp-content\/uploads\/2015\/06\/142-199x300.jpg 199w, https:\/\/uar.es\/wp-content\/uploads\/2015\/06\/142.jpg 398w\" sizes=\"(max-width: 199px) 100vw, 199px\" \/><\/a>e setmana, 20 i 21 de juny, es van celebrar els Campionats de Catalunya Juvenil, J\u00fanior i Promesa a l&#8217;Estadi Municipal de Lloret de Mar.<br \/>\nPodem destacar la gran actuaci\u00f3 del juvenil <strong>Iker G\u00f3mez<\/strong> aconseguint 2 medalles, campi\u00f3 de Catalunya de 400mll i sots-campi\u00f3 de 400mt. Tamb\u00e9 cal destacar la gran cursa de la juvenil <strong>Ester Vilches<\/strong> a la prova dels 2000 metres obstacles, aconseguint el sots-campionat i la darrera medalla ha estat a c\u00e0rrec d\u2019en <strong>Davide Roche<\/strong> a la prova del 3000 metres obstacles, assolint la 3a posici\u00f3.<br \/>\nTamb\u00e9 cal destacar altres posicions de m\u00e8rit aconseguides pels nostres atletes juvenils i juniors:<\/p>\n<p style=\"text-align: justify;\"><strong>Ferran Merino<\/strong> 5\u00e8 classificat a llan\u00e7ament de javelina i 6\u00e8 a salt de llargada<br \/>\n<strong>Clara Egea<\/strong> 6a classificada a 100mll i 6a a 200mll<br \/>\n<strong>Ester Viche<\/strong><strong>s<\/strong> 7a classificada a 800 mll<a href=\"http:\/\/uar.es\/wp-content\/uploads\/2015\/06\/65.jpg\"><img loading=\"lazy\" class=\"alignright wp-image-1147 size-medium\" src=\"http:\/\/uar.es\/wp-content\/uploads\/2015\/06\/65-199x300.jpg\" alt=\"_65\" width=\"199\" height=\"300\" srcset=\"https:\/\/uar.es\/wp-content\/uploads\/2015\/06\/65-199x300.jpg 199w, https:\/\/uar.es\/wp-content\/uploads\/2015\/06\/65.jpg 398w\" sizes=\"(max-width: 199px) 100vw, 199px\" \/><\/a><br \/>\n<strong>Eri<\/strong><strong>c P\u00e9rez<\/strong> 4rt classificat a 110 mt<br \/>\n<strong>Ivan Jim\u00e9nez<\/strong> 6\u00e8 classificat a 800 mll<br \/>\n<strong>Oriol Bravo<\/strong> 6\u00e8 classificat a 400 mt<br \/>\n<strong>Arnau Marco<\/strong> 7\u00e8 classificat a 100 mll<br \/>\n<strong>Guillem Oll\u00e9<\/strong> finalista al 200 mll<br \/>\nEnhorabona a tots plegats!!!!<br \/>\n<a href=\"http:\/\/www.fcatletisme.cat\/Pairelliure\/2015\/resulcatjuvenil20210615.pdf\">*Classificacions categoria juvenil*<\/a><\/p>\n<p style=\"text-align: justify;\">\n<a href=\"http:\/\/www.fcatletisme.cat\/Pairelliure\/2015\/resulcatjunior20210615.pdf\">*Classificacions categoria junior*<\/a><\/p>\n","protected":false},"excerpt":{"rendered":"<p>La UAR aconsegueix 4 medalles m\u00e9s El passat cap de setmana, 20 i 21 de juny, es van celebrar els Campionats de Catalunya Juvenil, J\u00fanior i Promesa a l&#8217;Estadi Municipal de Lloret de Mar. Podem destacar la gran actuaci\u00f3 del juvenil Iker G\u00f3mez aconseguint 2 medalles, campi\u00f3 de Catalunya de 400mll i sots-campi\u00f3 de 400mt. [&hellip;]<\/p>\n","protected":false},"author":6,"featured_media":0,"comment_status":"closed","ping_status":"closed","sticky":false,"template":"","format":"standard","meta":[],"categories":[2],"tags":[],"_links":{"self":[{"href":"https:\/\/uar.es\/index.php?rest_route=\/wp\/v2\/posts\/1145"}],"collection":[{"href":"https:\/\/uar.es\/index.php?rest_route=\/wp\/v2\/posts"}],"about":[{"href":"https:\/\/uar.es\/index.php?rest_route=\/wp\/v2\/types\/post"}],"author":[{"embeddable":true,"href":"https:\/\/uar.es\/index.php?rest_route=\/wp\/v2\/users\/6"}],"replies":[{"embeddable":true,"href":"https:\/\/uar.es\/index.php?rest_route=%2Fwp%2Fv2%2Fcomments&post=1145"}],"version-history":[{"count":2,"href":"https:\/\/uar.es\/index.php?rest_route=\/wp\/v2\/posts\/1145\/revisions"}],"predecessor-version":[{"id":1149,"href":"https:\/\/uar.es\/index.php?rest_route=\/wp\/v2\/posts\/1145\/revisions\/1149"}],"wp:attachment":[{"href":"https:\/\/uar.es\/index.php?rest_route=%2Fwp%2Fv2%2Fmedia&parent=1145"}],"wp:term":[{"taxonomy":"category","embeddable":true,"href":"https:\/\/uar.es\/index.php?rest_route=%2Fwp%2Fv2%2Fcategories&post=1145"},{"taxonomy":"post_tag","embeddable":true,"href":"https:\/\/uar.es\/index.php?rest_route=%2Fwp%2Fv2%2Ftags&post=1145"}],"curies":[{"name":"wp","href":"https:\/\/api.w.org\/{rel}","templated":true}]}}