{"id":1150,"date":"2015-06-28T11:58:05","date_gmt":"2015-06-28T09:58:05","guid":{"rendered":"http:\/\/uar.es\/?p=1150"},"modified":"2015-07-01T23:31:10","modified_gmt":"2015-07-01T21:31:10","slug":"fotografies-2a-milla-nocturna","status":"publish","type":"post","link":"https:\/\/uar.es\/?p=1150","title":{"rendered":"2a MILLA NOCTURNA  DE FESTA MAJOR"},"content":{"rendered":"<p>Ja disposeu dels resultats i les fotografies de la 2a Milla Nocturna de Festa Major a c\u00e0rrec del fot\u00f2graf <strong>Emilio S\u00e1nchez.<\/strong><\/p>\n<p>Cilqueu en en seg\u00fcent enlla\u00e7:<\/p>\n<h2><strong><a href=\"https:\/\/onedrive.live.com\/view.aspx?resid=B302D954945CB28F!257&amp;ithint=file%2cxlsx&amp;app=Excel&amp;authkey=!AOTcO3vD7x0os7M\">*Resultats 2a Milla Nocturna*<\/a><\/strong><\/h2>\n<h2><a href=\"https:\/\/photos.google.com\/share\/AF1QipM7RjpVpbj18M3mg2hnygNcNxtY24eXEzTZPeYED2fHtxLggS0Yy_T2BGJ132W2VQ?key=R1FxR0hpdU40ZklnQWJUb29aUTB3R3BTX3o2MnpB\">*Fotografies 2a Milla Nocturna*<\/a><\/h2>\n","protected":false},"excerpt":{"rendered":"<p>Ja disposeu dels resultats i les fotografies de la 2a Milla Nocturna de Festa Major a c\u00e0rrec del fot\u00f2graf Emilio S\u00e1nchez. Cilqueu en en seg\u00fcent enlla\u00e7: *Resultats 2a Milla Nocturna* *Fotografies 2a Milla Nocturna*<\/p>\n","protected":false},"author":6,"featured_media":0,"comment_status":"closed","ping_status":"closed","sticky":false,"template":"","format":"standard","meta":[],"categories":[2],"tags":[],"_links":{"self":[{"href":"https:\/\/uar.es\/index.php?rest_route=\/wp\/v2\/posts\/1150"}],"collection":[{"href":"https:\/\/uar.es\/index.php?rest_route=\/wp\/v2\/posts"}],"about":[{"href":"https:\/\/uar.es\/index.php?rest_route=\/wp\/v2\/types\/post"}],"author":[{"embeddable":true,"href":"https:\/\/uar.es\/index.php?rest_route=\/wp\/v2\/users\/6"}],"replies":[{"embeddable":true,"href":"https:\/\/uar.es\/index.php?rest_route=%2Fwp%2Fv2%2Fcomments&post=1150"}],"version-history":[{"count":7,"href":"https:\/\/uar.es\/index.php?rest_route=\/wp\/v2\/posts\/1150\/revisions"}],"predecessor-version":[{"id":1162,"href":"https:\/\/uar.es\/index.php?rest_route=\/wp\/v2\/posts\/1150\/revisions\/1162"}],"wp:attachment":[{"href":"https:\/\/uar.es\/index.php?rest_route=%2Fwp%2Fv2%2Fmedia&parent=1150"}],"wp:term":[{"taxonomy":"category","embeddable":true,"href":"https:\/\/uar.es\/index.php?rest_route=%2Fwp%2Fv2%2Fcategories&post=1150"},{"taxonomy":"post_tag","embeddable":true,"href":"https:\/\/uar.es\/index.php?rest_route=%2Fwp%2Fv2%2Ftags&post=1150"}],"curies":[{"name":"wp","href":"https:\/\/api.w.org\/{rel}","templated":true}]}}