{"id":1154,"date":"2015-06-30T22:41:06","date_gmt":"2015-06-30T20:41:06","guid":{"rendered":"http:\/\/uar.es\/?p=1154"},"modified":"2015-06-30T22:41:06","modified_gmt":"2015-06-30T20:41:06","slug":"gran-actuacio-al-campionat-despanya-juvenil","status":"publish","type":"post","link":"https:\/\/uar.es\/?p=1154","title":{"rendered":"GRAN ACTUACI\u00d3 AL CAMPIONAT D\u2019ESPANYA JUVENIL"},"content":{"rendered":"<p style=\"text-align: justify;\"><a href=\"http:\/\/uar.es\/wp-content\/uploads\/2015\/06\/IMG-20150629-WA00051.jpg\"><img loading=\"lazy\" class=\" size-medium wp-image-1157 alignleft\" src=\"http:\/\/uar.es\/wp-content\/uploads\/2015\/06\/IMG-20150629-WA00051-248x300.jpg\" alt=\"IMG-20150629-WA0005[1]\" width=\"248\" height=\"300\" srcset=\"https:\/\/uar.es\/wp-content\/uploads\/2015\/06\/IMG-20150629-WA00051-248x300.jpg 248w, https:\/\/uar.es\/wp-content\/uploads\/2015\/06\/IMG-20150629-WA00051.jpg 495w\" sizes=\"(max-width: 248px) 100vw, 248px\" \/><\/a>Els atletes rubinencs es van despla\u00e7ar el passat cap de setmana a terres manxegues per participar al Campionat d\u2019Espanya Juvenil a Ciudad Real.<br \/>\nEls integrants de la Uni\u00f3 Atl\u00e8tica Rub\u00ed van demostrar el seu gran nivell i van disputar el campionat realitzant bones marques personals.<br \/>\n<strong>Clara Egea<\/strong> va participar a la prova de 200mll, aquesta jove atleta juvenil de primer any ha corregut aquesta temporada en un excel\u2022lent registre de 25\u201d87.<br \/>\nLa Clara ha corroborat la seva progressi\u00f3 ocupant el des\u00e8 lloc al Campionat d\u2019Espanya de la seva categoria. A la ronda eliminat\u00f2ria va realitzar una marca de 26\u201d30 que li va servir per passar a semifinals ,on va fer el cinqu\u00e8 lloc de la segona s\u00e8rie amb un temps de 26\u201d13, que no va ser suficient per classificar-se per la ronda final.<br \/>\nEl <strong>Ferran Merino<\/strong> que debutava a un Campionat d\u2019Espanya va fer un excel\u2022lent cinqu\u00e8 lloc a les proves combinades. Durant les dues jornades de dura competici\u00f3 va millorar les seves marques personals a pes, disc i sobretot a 110 tanques amb un magn\u00edfic registre de 15\u201d22.<br \/>\nLa regularitat en la resta de proves i les prestacions extra a les proves esmentades va fer que la marca final de decatl\u00f3 representi una nova marca personal amb 5.421 punts.<br \/>\n<strong>L\u2019Iker G\u00f3mez<\/strong> va ser el millor classificat amb un fenomenal quart lloc a la prova de 400 metres tanques. Les prestacions del Iker durant tota la temporada han estat bon\u00edssimes i a Ciudad Real va millorar la seva marca a les tanques llargues on va arribar a c\u00f3rrer en un temps de 53\u201d53. La ll\u00e0stima \u00e9s que per deu cent\u00e8simes se li va escapar la preuada medalla de bronze.<br \/>\nLa prova va ser guanyada per l\u2019atleta lleidat\u00e0 del F.C. Barcelona Aleix Porras amb un estratosf\u00e8ric temps de 51\u201d75 que suposa un nou r\u00e8cord de Catalunya.<\/p>\n","protected":false},"excerpt":{"rendered":"<p>Els atletes rubinencs es van despla\u00e7ar el passat cap de setmana a terres manxegues per participar al Campionat d\u2019Espanya Juvenil a Ciudad Real. Els integrants de la Uni\u00f3 Atl\u00e8tica Rub\u00ed van demostrar el seu gran nivell i van disputar el campionat realitzant bones marques personals. Clara Egea va participar a la prova de 200mll, aquesta [&hellip;]<\/p>\n","protected":false},"author":6,"featured_media":0,"comment_status":"closed","ping_status":"closed","sticky":false,"template":"","format":"standard","meta":[],"categories":[2],"tags":[],"_links":{"self":[{"href":"https:\/\/uar.es\/index.php?rest_route=\/wp\/v2\/posts\/1154"}],"collection":[{"href":"https:\/\/uar.es\/index.php?rest_route=\/wp\/v2\/posts"}],"about":[{"href":"https:\/\/uar.es\/index.php?rest_route=\/wp\/v2\/types\/post"}],"author":[{"embeddable":true,"href":"https:\/\/uar.es\/index.php?rest_route=\/wp\/v2\/users\/6"}],"replies":[{"embeddable":true,"href":"https:\/\/uar.es\/index.php?rest_route=%2Fwp%2Fv2%2Fcomments&post=1154"}],"version-history":[{"count":1,"href":"https:\/\/uar.es\/index.php?rest_route=\/wp\/v2\/posts\/1154\/revisions"}],"predecessor-version":[{"id":1158,"href":"https:\/\/uar.es\/index.php?rest_route=\/wp\/v2\/posts\/1154\/revisions\/1158"}],"wp:attachment":[{"href":"https:\/\/uar.es\/index.php?rest_route=%2Fwp%2Fv2%2Fmedia&parent=1154"}],"wp:term":[{"taxonomy":"category","embeddable":true,"href":"https:\/\/uar.es\/index.php?rest_route=%2Fwp%2Fv2%2Fcategories&post=1154"},{"taxonomy":"post_tag","embeddable":true,"href":"https:\/\/uar.es\/index.php?rest_route=%2Fwp%2Fv2%2Ftags&post=1154"}],"curies":[{"name":"wp","href":"https:\/\/api.w.org\/{rel}","templated":true}]}}