{"id":1163,"date":"2015-07-02T09:10:41","date_gmt":"2015-07-02T07:10:41","guid":{"rendered":"http:\/\/uar.es\/?p=1163"},"modified":"2015-07-02T09:10:41","modified_gmt":"2015-07-02T07:10:41","slug":"francisco-aragon-bat-el-record-despanya-en-2000-m-obs-de-la-categoria-m60","status":"publish","type":"post","link":"https:\/\/uar.es\/?p=1163","title":{"rendered":"FRANCISCO ARAG\u00d3N BAT EL RECORD D\u2019ESPANYA EN 2000 m obs. DE LA CATEGORIA M60"},"content":{"rendered":"<p style=\"text-align: justify;\"><strong>Espectacular final de temporada d\u2019en Francisco Arag\u00f3n<\/strong><\/p>\n<p style=\"text-align: justify;\"><a href=\"http:\/\/uar.es\/wp-content\/uploads\/2015\/07\/IMG-20150701-WA0000.jpg\"><img loading=\"lazy\" class=\" size-medium wp-image-1164 alignleft\" src=\"http:\/\/uar.es\/wp-content\/uploads\/2015\/07\/IMG-20150701-WA0000-190x300.jpg\" alt=\"IMG-20150701-WA0000\" width=\"190\" height=\"300\" srcset=\"https:\/\/uar.es\/wp-content\/uploads\/2015\/07\/IMG-20150701-WA0000-190x300.jpg 190w, https:\/\/uar.es\/wp-content\/uploads\/2015\/07\/IMG-20150701-WA0000.jpg 307w\" sizes=\"(max-width: 190px) 100vw, 190px\" \/><\/a><br \/>\nEl passat 7 de juny a la localitat de Gav\u00e0 es va disputar el Campionat de Catalunya de veterans. El veter\u00e0 Francisco Arag\u00f3n de la UAR es va proclamar Campi\u00f3 de Catalunya de la cat. M60 en les proves de 5000 mll i en la de 2000 m obs. aconseguint batre el record d\u2019Espanya de 2000 m obs. que estava en possessi\u00f3 d\u2019Emilio de la C\u00e1mara amb una vig\u00e8ncia de 9 anys. Arag\u00f3n va establir una nova marca de 7:02:59 rebaixant-la en m\u00e9s de 3 segons.<br \/>\nDies m\u00e9s tard, concretament el 20 de juny a Sant Celoni es va disputar un control amb pres\u00e8ncia d\u2019una llebre amb la intenci\u00f3 de tornar a rebaixar la marca. Aquest objectiu el va aconseguir, rebaixant el seu propi r\u00e8cord en 6 segons i establint una marca final de<strong> 6:56:58<\/strong>.<br \/>\nFinalment, el passat cap de setmana, del 26 al 28 de juny, es va celebrar la 50a edici\u00f3 del Campionat d&#8217;Espanya de Veterans a Alcobendas (Madrid), proclamant-se Campi\u00f3 d\u2019Espanya de la cat. M60 en les proves del 1500 mll i 2000 m obs.<br \/>\nEnhorabona!!<\/p>\n","protected":false},"excerpt":{"rendered":"<p>Espectacular final de temporada d\u2019en Francisco Arag\u00f3n El passat 7 de juny a la localitat de Gav\u00e0 es va disputar el Campionat de Catalunya de veterans. El veter\u00e0 Francisco Arag\u00f3n de la UAR es va proclamar Campi\u00f3 de Catalunya de la cat. M60 en les proves de 5000 mll i en la de 2000 m [&hellip;]<\/p>\n","protected":false},"author":6,"featured_media":0,"comment_status":"closed","ping_status":"closed","sticky":false,"template":"","format":"standard","meta":[],"categories":[2],"tags":[],"_links":{"self":[{"href":"https:\/\/uar.es\/index.php?rest_route=\/wp\/v2\/posts\/1163"}],"collection":[{"href":"https:\/\/uar.es\/index.php?rest_route=\/wp\/v2\/posts"}],"about":[{"href":"https:\/\/uar.es\/index.php?rest_route=\/wp\/v2\/types\/post"}],"author":[{"embeddable":true,"href":"https:\/\/uar.es\/index.php?rest_route=\/wp\/v2\/users\/6"}],"replies":[{"embeddable":true,"href":"https:\/\/uar.es\/index.php?rest_route=%2Fwp%2Fv2%2Fcomments&post=1163"}],"version-history":[{"count":1,"href":"https:\/\/uar.es\/index.php?rest_route=\/wp\/v2\/posts\/1163\/revisions"}],"predecessor-version":[{"id":1165,"href":"https:\/\/uar.es\/index.php?rest_route=\/wp\/v2\/posts\/1163\/revisions\/1165"}],"wp:attachment":[{"href":"https:\/\/uar.es\/index.php?rest_route=%2Fwp%2Fv2%2Fmedia&parent=1163"}],"wp:term":[{"taxonomy":"category","embeddable":true,"href":"https:\/\/uar.es\/index.php?rest_route=%2Fwp%2Fv2%2Fcategories&post=1163"},{"taxonomy":"post_tag","embeddable":true,"href":"https:\/\/uar.es\/index.php?rest_route=%2Fwp%2Fv2%2Ftags&post=1163"}],"curies":[{"name":"wp","href":"https:\/\/api.w.org\/{rel}","templated":true}]}}