{"id":1180,"date":"2015-07-25T23:14:30","date_gmt":"2015-07-25T21:14:30","guid":{"rendered":"http:\/\/uar.es\/?p=1180"},"modified":"2015-07-25T23:14:30","modified_gmt":"2015-07-25T21:14:30","slug":"mor-ramon-batalla","status":"publish","type":"post","link":"https:\/\/uar.es\/?p=1180","title":{"rendered":"MOR RAMON BATALLA"},"content":{"rendered":"<p style=\"text-align: justify;\"><strong>MOR RAMON BATALLA A L\u2019EDAT DE 89 AYNS, UN DELS FUNDADORS DE LA UAR<\/strong><br \/>\n<a href=\"http:\/\/uar.es\/wp-content\/uploads\/2015\/07\/ram\u00f3n-batalla.jpg\"><img loading=\"lazy\" class=\" size-medium wp-image-1181 alignleft\" src=\"http:\/\/uar.es\/wp-content\/uploads\/2015\/07\/ram\u00f3n-batalla-188x300.jpg\" alt=\"ram\u00f3n batalla\" width=\"188\" height=\"300\" srcset=\"https:\/\/uar.es\/wp-content\/uploads\/2015\/07\/ram\u00f3n-batalla-188x300.jpg 188w, https:\/\/uar.es\/wp-content\/uploads\/2015\/07\/ram\u00f3n-batalla.jpg 301w\" sizes=\"(max-width: 188px) 100vw, 188px\" \/><\/a><\/p>\n<p style=\"text-align: justify;\">El passat 23 de juliol ens va deixar en <strong>Ramon Batalla<\/strong> a l\u2019edat de 89 anys. En Ramon va ser cofundador de la UAR mitjan\u00e7ant una secci\u00f3 del GAER. Va practicar durant molts anys la disciplina de la marxa atl\u00e8tica. Fins a un total de 11 edicions es va celebrar a Rub\u00ed, una de les curses m\u00e9s importants del calendari catal\u00e0 de marxa atl\u00e8tica, el<strong> Gran Premi Ramon Batalla<\/strong>. Durant aquestes edicions van venir atletes de primer nivell com Paquillo Fern\u00e1ndez i Maria Vasco. La UAR vol expressar el seu condol a la fam\u00edlia.<br \/>\nDescansi en pau.<\/p>\n","protected":false},"excerpt":{"rendered":"<p>MOR RAMON BATALLA A L\u2019EDAT DE 89 AYNS, UN DELS FUNDADORS DE LA UAR El passat 23 de juliol ens va deixar en Ramon Batalla a l\u2019edat de 89 anys. En Ramon va ser cofundador de la UAR mitjan\u00e7ant una secci\u00f3 del GAER. Va practicar durant molts anys la disciplina de la marxa atl\u00e8tica. Fins [&hellip;]<\/p>\n","protected":false},"author":6,"featured_media":0,"comment_status":"closed","ping_status":"closed","sticky":false,"template":"","format":"standard","meta":[],"categories":[2],"tags":[],"_links":{"self":[{"href":"https:\/\/uar.es\/index.php?rest_route=\/wp\/v2\/posts\/1180"}],"collection":[{"href":"https:\/\/uar.es\/index.php?rest_route=\/wp\/v2\/posts"}],"about":[{"href":"https:\/\/uar.es\/index.php?rest_route=\/wp\/v2\/types\/post"}],"author":[{"embeddable":true,"href":"https:\/\/uar.es\/index.php?rest_route=\/wp\/v2\/users\/6"}],"replies":[{"embeddable":true,"href":"https:\/\/uar.es\/index.php?rest_route=%2Fwp%2Fv2%2Fcomments&post=1180"}],"version-history":[{"count":1,"href":"https:\/\/uar.es\/index.php?rest_route=\/wp\/v2\/posts\/1180\/revisions"}],"predecessor-version":[{"id":1182,"href":"https:\/\/uar.es\/index.php?rest_route=\/wp\/v2\/posts\/1180\/revisions\/1182"}],"wp:attachment":[{"href":"https:\/\/uar.es\/index.php?rest_route=%2Fwp%2Fv2%2Fmedia&parent=1180"}],"wp:term":[{"taxonomy":"category","embeddable":true,"href":"https:\/\/uar.es\/index.php?rest_route=%2Fwp%2Fv2%2Fcategories&post=1180"},{"taxonomy":"post_tag","embeddable":true,"href":"https:\/\/uar.es\/index.php?rest_route=%2Fwp%2Fv2%2Ftags&post=1180"}],"curies":[{"name":"wp","href":"https:\/\/api.w.org\/{rel}","templated":true}]}}