{"id":1189,"date":"2015-08-31T23:54:54","date_gmt":"2015-08-31T21:54:54","guid":{"rendered":"http:\/\/uar.es\/?p=1189"},"modified":"2015-09-01T22:54:15","modified_gmt":"2015-09-01T20:54:15","slug":"campionat-del-mon-de-veterans","status":"publish","type":"post","link":"https:\/\/uar.es\/?p=1189","title":{"rendered":"CAMPIONAT DEL M\u00d3N DE VETERANS"},"content":{"rendered":"<p style=\"text-align: justify;\"><a href=\"http:\/\/uar.es\/wp-content\/uploads\/2015\/08\/FullSizeRender.jpg\"><img loading=\"lazy\" class=\" size-medium wp-image-1190 alignleft\" src=\"http:\/\/uar.es\/wp-content\/uploads\/2015\/08\/FullSizeRender-233x300.jpg\" alt=\"FullSizeRender\" width=\"233\" height=\"300\" srcset=\"https:\/\/uar.es\/wp-content\/uploads\/2015\/08\/FullSizeRender-233x300.jpg 233w, https:\/\/uar.es\/wp-content\/uploads\/2015\/08\/FullSizeRender.jpg 466w\" sizes=\"(max-width: 233px) 100vw, 233px\" \/><\/a>El passat diumenge 16 d\u2019agost es van clausurar el Campionat del M\u00f3n de Veterans que es va disputar des del 4 d\u2019agost a Lyon, Fran\u00e7a.<br \/>\nEls atletes de la UAR <strong>Francisco Arag\u00f3n i Ignasi Melo<\/strong> van protagonitzar una destacada actuaci\u00f3 amb la consecuci\u00f3 de 2 medalles d\u2019or i 2 d\u2019argent.<br \/>\nEn <strong>Francisco Arag\u00f3n<\/strong> es va proclamar Campi\u00f3 del M\u00f3n en la disciplina de cros en una disputada cursa. Es va imposar al colombi\u00e0 Jos\u00e9 Ram\u00edrez i al franc\u00e8s Dominique Gilet. Dies m\u00e9s tard tamb\u00e9 va guanyar en els 2000 metres obstacles de la categoria M-60. Degut a un problema amb la sabatilla en l&#8217;nici de la cursa, en Francisco va realitzar una espectacular remuntada, assolint el Campionat per davant del finland\u00e8s Valde Piiroinen i del representant dels Estats Units Dale Campbell.<br \/>\nPer altra banda<strong> l&#8217;Ignasi Melo<\/strong> va aconseguir els sots-campionats dels 5.000 i 10.000 metres marxa de la categoria M-60. Cal destacar l&#8217;actuaci\u00f3 en la prova\u00a0 dels 10.000 metres marxa assolint una marca de 50&#8217;24\u00bb rebaixant el r\u00e9cord d&#8217;Espany en 6 segons. Tamb\u00e9 va ser l\u2019integrant de l\u2019equip Campi\u00f3 del M\u00f3n dels 20 kms marxa, juntament amb els companys de la selecci\u00f3 espanyola Llu\u00eds Abad\u00edas i Angel Ruata.<\/p>\n<p style=\"text-align: justify;\">Enhorabona a tots dos!!<br \/>\n<a href=\"http:\/\/rhone-alpes.athle.com\/asp.net\/espaces.html\/html.aspx?id=31704\">*Resultats*<\/a><\/p>\n","protected":false},"excerpt":{"rendered":"<p>El passat diumenge 16 d\u2019agost es van clausurar el Campionat del M\u00f3n de Veterans que es va disputar des del 4 d\u2019agost a Lyon, Fran\u00e7a. Els atletes de la UAR Francisco Arag\u00f3n i Ignasi Melo van protagonitzar una destacada actuaci\u00f3 amb la consecuci\u00f3 de 2 medalles d\u2019or i 2 d\u2019argent. En Francisco Arag\u00f3n es va [&hellip;]<\/p>\n","protected":false},"author":6,"featured_media":0,"comment_status":"closed","ping_status":"closed","sticky":false,"template":"","format":"standard","meta":[],"categories":[2],"tags":[],"_links":{"self":[{"href":"https:\/\/uar.es\/index.php?rest_route=\/wp\/v2\/posts\/1189"}],"collection":[{"href":"https:\/\/uar.es\/index.php?rest_route=\/wp\/v2\/posts"}],"about":[{"href":"https:\/\/uar.es\/index.php?rest_route=\/wp\/v2\/types\/post"}],"author":[{"embeddable":true,"href":"https:\/\/uar.es\/index.php?rest_route=\/wp\/v2\/users\/6"}],"replies":[{"embeddable":true,"href":"https:\/\/uar.es\/index.php?rest_route=%2Fwp%2Fv2%2Fcomments&post=1189"}],"version-history":[{"count":6,"href":"https:\/\/uar.es\/index.php?rest_route=\/wp\/v2\/posts\/1189\/revisions"}],"predecessor-version":[{"id":1196,"href":"https:\/\/uar.es\/index.php?rest_route=\/wp\/v2\/posts\/1189\/revisions\/1196"}],"wp:attachment":[{"href":"https:\/\/uar.es\/index.php?rest_route=%2Fwp%2Fv2%2Fmedia&parent=1189"}],"wp:term":[{"taxonomy":"category","embeddable":true,"href":"https:\/\/uar.es\/index.php?rest_route=%2Fwp%2Fv2%2Fcategories&post=1189"},{"taxonomy":"post_tag","embeddable":true,"href":"https:\/\/uar.es\/index.php?rest_route=%2Fwp%2Fv2%2Ftags&post=1189"}],"curies":[{"name":"wp","href":"https:\/\/api.w.org\/{rel}","templated":true}]}}