{"id":127,"date":"2013-04-25T18:29:24","date_gmt":"2013-04-25T17:29:24","guid":{"rendered":"http:\/\/test.uar.es\/?p=127"},"modified":"2013-07-15T18:30:21","modified_gmt":"2013-07-15T17:30:21","slug":"competicio-social-1-de-maig","status":"publish","type":"post","link":"https:\/\/uar.es\/?p=127","title":{"rendered":"COMPETICI\u00d3 SOCIAL 1 DE MAIG"},"content":{"rendered":"<p>El proper dimecres 1 de maig la UAR organitzar\u00e0 la competici\u00f3 social en pista aire lliure per a tots els atletes de l\u2019escola. La competici\u00f3 tindr\u00e0 un format de proves combinades. Les categories que participaran seran des de prebenjam\u00ed fins a juvenil. Els horaris i proves seran els seg\u00fcents:<\/p>\n<ul>\n<li>Cadets\/juvenils: hora inici<strong>: 10:00 hores<\/strong><\/li>\n<\/ul>\n<p>Ordre de proves: 100 mll \/ javalina \/ al\u00e7ada \/ 600 mll<\/p>\n<p>Responsable de grup:\u00a0<strong>Jairo Lorenzo<\/strong><\/p>\n<ul>\n<li>Infantils: hora inici<strong>: 10:10 hores<\/strong>\u00a0.<\/li>\n<\/ul>\n<p>Ordre de proves: 80 mll \/ al\u00e7ada \/ pes \/ 600 mll<\/p>\n<p>Responsable de grup:\u00a0<strong>Cristian Jim\u00e9nez<\/strong><\/p>\n<ul>\n<li>Alevins: hora inici:\u00a0<strong>10:25 hores<\/strong><\/li>\n<\/ul>\n<p>Ordre de proves: 60 mll \/ llargada \/ pilota \/ 600 mll<\/p>\n<p>Responsable de grup:\u00a0<strong>Isaac S\u00e1nchez<\/strong><\/p>\n<ul>\n<li>Benjamins: hora inici<strong>: 10:35 hores<\/strong><\/li>\n<\/ul>\n<p>Ordre de proves: 60 mll \/ pilota \/ llargada \/ 600 mll<\/p>\n<p>Responsable de grup:\u00a0<strong>Arkadi Grigorian<\/strong><\/p>\n<ul>\n<li>Prebemjamins: hora inici:\u00a0<strong>10:50 hores<\/strong><\/li>\n<\/ul>\n<p>Ordre de proves: 60 mll \/ llargada \/ pilota \/ 400 mll<\/p>\n<p>Responsable de grup<strong>: Marta Mu\u00f1oz<\/strong><\/p>\n<p>Els atletes han d\u2019arribar 45\u2019 abans de la seva primera prova per agafar dorsal i realitzar l\u2019escalfament.<\/p>\n<p>Les inscripcions s\u2019han de fer per la web. A la columna de la vostra esquerra trobareu una imatge que posa competici\u00f3 social, heu de clicar a sobre i s\u2019obrir\u00e0 un formulari. Aquest formulari l\u2019heu d\u2019omplir i enviar.<\/p>\n<p>Per nosaltres \u00e9s molt important aconseguir la m\u00e0xima participaci\u00f3 dels atletes de l\u2019escola, ja que \u00e9s una activitat que d\u00f3na molta feina al club.<\/p>\n<p>Necessitem voluntaris per dur a terme aquesta competici\u00f3, tots aquells que estigueu interessats en col\u00b7laborar, agrair\u00edem confirmaci\u00f3 a secretaria.<\/p>\n<p>Els col\u00b7laboradors hauran d\u2019estar en les pistes a les 08:30h.per preparar el material dels concursos.<\/p>\n<p>Moltes gr\u00e0cies a tots.<\/p>\n","protected":false},"excerpt":{"rendered":"<p>El proper dimecres 1 de maig la UAR organitzar\u00e0 la competici\u00f3 social en pista aire lliure per a tots els atletes de l\u2019escola. La competici\u00f3 tindr\u00e0 un format de proves combinades. Les categories que participaran seran des de prebenjam\u00ed fins a juvenil. Els horaris i proves seran els seg\u00fcents: Cadets\/juvenils: hora inici: 10:00 hores Ordre [&hellip;]<\/p>\n","protected":false},"author":1,"featured_media":0,"comment_status":"closed","ping_status":"closed","sticky":false,"template":"","format":"standard","meta":[],"categories":[2],"tags":[],"_links":{"self":[{"href":"https:\/\/uar.es\/index.php?rest_route=\/wp\/v2\/posts\/127"}],"collection":[{"href":"https:\/\/uar.es\/index.php?rest_route=\/wp\/v2\/posts"}],"about":[{"href":"https:\/\/uar.es\/index.php?rest_route=\/wp\/v2\/types\/post"}],"author":[{"embeddable":true,"href":"https:\/\/uar.es\/index.php?rest_route=\/wp\/v2\/users\/1"}],"replies":[{"embeddable":true,"href":"https:\/\/uar.es\/index.php?rest_route=%2Fwp%2Fv2%2Fcomments&post=127"}],"version-history":[{"count":1,"href":"https:\/\/uar.es\/index.php?rest_route=\/wp\/v2\/posts\/127\/revisions"}],"predecessor-version":[{"id":128,"href":"https:\/\/uar.es\/index.php?rest_route=\/wp\/v2\/posts\/127\/revisions\/128"}],"wp:attachment":[{"href":"https:\/\/uar.es\/index.php?rest_route=%2Fwp%2Fv2%2Fmedia&parent=127"}],"wp:term":[{"taxonomy":"category","embeddable":true,"href":"https:\/\/uar.es\/index.php?rest_route=%2Fwp%2Fv2%2Fcategories&post=127"},{"taxonomy":"post_tag","embeddable":true,"href":"https:\/\/uar.es\/index.php?rest_route=%2Fwp%2Fv2%2Ftags&post=127"}],"curies":[{"name":"wp","href":"https:\/\/api.w.org\/{rel}","templated":true}]}}