{"id":1277,"date":"2015-12-01T09:26:17","date_gmt":"2015-12-01T07:26:17","guid":{"rendered":"http:\/\/uar.es\/?p=1277"},"modified":"2015-12-01T09:26:17","modified_gmt":"2015-12-01T07:26:17","slug":"1277","status":"publish","type":"post","link":"https:\/\/uar.es\/?p=1277","title":{"rendered":""},"content":{"rendered":"<p style=\"text-align: justify;\"><strong><span style=\"color: #993300;\">BON ESTAT DE FORMA I RESULTATS POSITIUS A RUTA I CROS.<\/span><\/strong><\/p>\n<p style=\"text-align: justify;\">El Mario Su\u00e1rez est\u00e0 demostrant, amb els seus bons resultats, ser el fondista que m\u00e9s en forma est\u00e0 de la Uni\u00f3 Atl\u00e8tica Rub\u00ed.<\/p>\n<p style=\"text-align: justify;\">Fa un parell de setmanes va fer una formidable posici\u00f3 a la Jean Bouin. La prestigiosa cursa barcelonina que celebrava la seva 92\u00aa edici\u00f3 va veure com els atletes populars recorrien els carrers de Montju\u00efc.<\/p>\n<p style=\"text-align: justify;\">El Mario amb un bon registre de 34\u201915\u201d va aconseguir entrar a la 38\u00aa posici\u00f3 i demostrar el seu bon estat de forma.<\/p>\n<p style=\"text-align: justify;\">Aquest cap de setmana, al cros d\u2019Olot, \u00a0va confirmar que \u00e9s capa\u00e7 de c\u00f3rrer r\u00e0pid en qualsevol terreny.<\/p>\n<p style=\"text-align: justify;\">En un mat\u00ed fresc i en una cursa una mica accidentada, on va patir una caiguda, el Mario va ser capa\u00e7 d\u2019entrar en sisena posici\u00f3 a la cursa de veterans.<\/p>\n<p style=\"text-align: justify;\"><a href=\"http:\/\/uar.es\/wp-content\/uploads\/2015\/12\/IMG-20151127-WA0005.jpg\"><img loading=\"lazy\" class=\"alignnone wp-image-1278\" src=\"http:\/\/uar.es\/wp-content\/uploads\/2015\/12\/IMG-20151129-WA0000-169x300.jpg\" alt=\"IMG-20151129-WA0000\" width=\"154\" height=\"273\" srcset=\"https:\/\/uar.es\/wp-content\/uploads\/2015\/12\/IMG-20151129-WA0000-169x300.jpg 169w, https:\/\/uar.es\/wp-content\/uploads\/2015\/12\/IMG-20151129-WA0000.jpg 337w\" sizes=\"(max-width: 154px) 100vw, 154px\" \/><img loading=\"lazy\" class=\"alignnone wp-image-1279\" src=\"http:\/\/uar.es\/wp-content\/uploads\/2015\/12\/IMG-20151127-WA0005-300x200.jpg\" alt=\"IMG-20151127-WA0005\" width=\"347\" height=\"231\" srcset=\"https:\/\/uar.es\/wp-content\/uploads\/2015\/12\/IMG-20151127-WA0005-300x200.jpg 300w, https:\/\/uar.es\/wp-content\/uploads\/2015\/12\/IMG-20151127-WA0005-500x333.jpg 500w, https:\/\/uar.es\/wp-content\/uploads\/2015\/12\/IMG-20151127-WA0005.jpg 600w\" sizes=\"(max-width: 347px) 100vw, 347px\" \/><\/a><\/p>\n","protected":false},"excerpt":{"rendered":"<p>BON ESTAT DE FORMA I RESULTATS POSITIUS A RUTA I CROS. El Mario Su\u00e1rez est\u00e0 demostrant, amb els seus bons resultats, ser el fondista que m\u00e9s en forma est\u00e0 de la Uni\u00f3 Atl\u00e8tica Rub\u00ed. Fa un parell de setmanes va fer una formidable posici\u00f3 a la Jean Bouin. La prestigiosa cursa barcelonina que celebrava la [&hellip;]<\/p>\n","protected":false},"author":4,"featured_media":0,"comment_status":"closed","ping_status":"closed","sticky":false,"template":"","format":"standard","meta":[],"categories":[2],"tags":[],"_links":{"self":[{"href":"https:\/\/uar.es\/index.php?rest_route=\/wp\/v2\/posts\/1277"}],"collection":[{"href":"https:\/\/uar.es\/index.php?rest_route=\/wp\/v2\/posts"}],"about":[{"href":"https:\/\/uar.es\/index.php?rest_route=\/wp\/v2\/types\/post"}],"author":[{"embeddable":true,"href":"https:\/\/uar.es\/index.php?rest_route=\/wp\/v2\/users\/4"}],"replies":[{"embeddable":true,"href":"https:\/\/uar.es\/index.php?rest_route=%2Fwp%2Fv2%2Fcomments&post=1277"}],"version-history":[{"count":2,"href":"https:\/\/uar.es\/index.php?rest_route=\/wp\/v2\/posts\/1277\/revisions"}],"predecessor-version":[{"id":1281,"href":"https:\/\/uar.es\/index.php?rest_route=\/wp\/v2\/posts\/1277\/revisions\/1281"}],"wp:attachment":[{"href":"https:\/\/uar.es\/index.php?rest_route=%2Fwp%2Fv2%2Fmedia&parent=1277"}],"wp:term":[{"taxonomy":"category","embeddable":true,"href":"https:\/\/uar.es\/index.php?rest_route=%2Fwp%2Fv2%2Fcategories&post=1277"},{"taxonomy":"post_tag","embeddable":true,"href":"https:\/\/uar.es\/index.php?rest_route=%2Fwp%2Fv2%2Ftags&post=1277"}],"curies":[{"name":"wp","href":"https:\/\/api.w.org\/{rel}","templated":true}]}}