{"id":1282,"date":"2015-12-02T09:38:50","date_gmt":"2015-12-02T07:38:50","guid":{"rendered":"http:\/\/uar.es\/?p=1282"},"modified":"2015-12-02T09:56:00","modified_gmt":"2015-12-02T07:56:00","slug":"control-de-proves-combinades","status":"publish","type":"post","link":"https:\/\/uar.es\/?p=1282","title":{"rendered":"CONTROL DE PROVES COMBINADES"},"content":{"rendered":"<p>El passat cap de setmana es va celebrar un control de proves combinades de pista coberta organitzat pel Club Atletisme Gav\u00e0.<\/p>\n<p>L&#8217;estadi de la B\u00f2bila va acollir dissabte i diumenge als atletes de diverses categories que van disputar diferents modalitats (heptatl\u00f3, pentatl\u00f3, tetratl\u00f3,etc) amb les proves t\u00edpiques d&#8217;hivern.<\/p>\n<p>Els atletes de la U.A. Rub\u00ed van participar en les proves juvenil i cadet mascul\u00ed, realitzant un molt bon paper.<\/p>\n<p>El Ferran Merino va ser segon a la classificaci\u00f3 general j\u00fanior i va fer un bon registre de 3.768 punts, Malgrat que les proves de 60mll i 60 tanques van tenir vent contrari, les seves marques van ser positives per l&#8217;al\u00e7ada de la temporada a la que ens trobem i va quedar aprop dels 4.000 punts.<\/p>\n<p>Les seves marques van ser: 60mll (7&#8243;1), llargada (6,13), pes (9,25), al\u00e7ada (1&#8217;51), 60m.t. (9&#8243;4), perxa (2&#8217;60) i 1000mll (2&#8217;58&#8243;0).<\/p>\n<p>Al hexatl\u00f3 cadet l&#8217;Adri\u00e0 Navaj\u00f3n tamb\u00e9 va ocupar el segon lloc de la classificaci\u00f3 final amb una marca de 3.267 punts, en part gr\u00e0cies a una bona prova de salt d&#8217;al\u00e7ada que \u00e9s una de les seves proves fortes. L&#8217;Adri\u00e0 va saltar 1&#8217;72 i \u00e9s la tercera vegada que supera el metre setanta aquesta temporada.<\/p>\n<p>Molt meritoris van ser el set\u00e8 i el nov\u00e8 lloc del David Jim\u00e9nez (2.587 punts) i del Gerard Merino (2.391 punts) respectivament, en una prova en la que participaven m\u00e9s d&#8217;una vintena d&#8217;atletes cadets.<\/p>\n<p>El resum de marques va ser el seg\u00fcent:<\/p>\n<p>Adri\u00e0 &#8212; 60mll (7&#8243;5), llargada (5&#8217;79), pes (7&#8217;85), al\u00e7ada (1&#8217;72), 60mt (9&#8243;4) i 1000mll (3&#8217;11&#8243;0)<\/p>\n<p>David &#8212; 60mll (7&#8243;5), llargada (5&#8217;00), pes (7&#8217;59), al\u00e7ada (1&#8217;39), 60mt (10&#8243;5) i 1000mll (3&#8217;17\u00bb)<\/p>\n<p>Gerard &#8212; 60mll (8&#8243;3), llargada (4&#8217;55), pes (7&#8217;89), al\u00e7ada (1&#8217;39), 60mt (10&#8243;7) i 1000mll (3&#8217;03\u00bb)<\/p>\n<p>Enhorabona a tots ells.<\/p>\n<p><a href=\"http:\/\/uar.es\/wp-content\/uploads\/2015\/12\/DSCN3750.jpg\"><img loading=\"lazy\" class=\"alignnone size-medium wp-image-1285\" src=\"http:\/\/uar.es\/wp-content\/uploads\/2015\/12\/DSCN3750-300x216.jpg\" alt=\"DSCN3750\" width=\"300\" height=\"216\" srcset=\"https:\/\/uar.es\/wp-content\/uploads\/2015\/12\/DSCN3750-300x216.jpg 300w, https:\/\/uar.es\/wp-content\/uploads\/2015\/12\/DSCN3750-500x360.jpg 500w, https:\/\/uar.es\/wp-content\/uploads\/2015\/12\/DSCN3750.jpg 600w\" sizes=\"(max-width: 300px) 100vw, 300px\" \/><\/a><\/p>\n","protected":false},"excerpt":{"rendered":"<p>El passat cap de setmana es va celebrar un control de proves combinades de pista coberta organitzat pel Club Atletisme Gav\u00e0. L&#8217;estadi de la B\u00f2bila va acollir dissabte i diumenge als atletes de diverses categories que van disputar diferents modalitats (heptatl\u00f3, pentatl\u00f3, tetratl\u00f3,etc) amb les proves t\u00edpiques d&#8217;hivern. Els atletes de la U.A. Rub\u00ed van [&hellip;]<\/p>\n","protected":false},"author":4,"featured_media":0,"comment_status":"closed","ping_status":"closed","sticky":false,"template":"","format":"standard","meta":[],"categories":[2],"tags":[],"_links":{"self":[{"href":"https:\/\/uar.es\/index.php?rest_route=\/wp\/v2\/posts\/1282"}],"collection":[{"href":"https:\/\/uar.es\/index.php?rest_route=\/wp\/v2\/posts"}],"about":[{"href":"https:\/\/uar.es\/index.php?rest_route=\/wp\/v2\/types\/post"}],"author":[{"embeddable":true,"href":"https:\/\/uar.es\/index.php?rest_route=\/wp\/v2\/users\/4"}],"replies":[{"embeddable":true,"href":"https:\/\/uar.es\/index.php?rest_route=%2Fwp%2Fv2%2Fcomments&post=1282"}],"version-history":[{"count":3,"href":"https:\/\/uar.es\/index.php?rest_route=\/wp\/v2\/posts\/1282\/revisions"}],"predecessor-version":[{"id":1286,"href":"https:\/\/uar.es\/index.php?rest_route=\/wp\/v2\/posts\/1282\/revisions\/1286"}],"wp:attachment":[{"href":"https:\/\/uar.es\/index.php?rest_route=%2Fwp%2Fv2%2Fmedia&parent=1282"}],"wp:term":[{"taxonomy":"category","embeddable":true,"href":"https:\/\/uar.es\/index.php?rest_route=%2Fwp%2Fv2%2Fcategories&post=1282"},{"taxonomy":"post_tag","embeddable":true,"href":"https:\/\/uar.es\/index.php?rest_route=%2Fwp%2Fv2%2Ftags&post=1282"}],"curies":[{"name":"wp","href":"https:\/\/api.w.org\/{rel}","templated":true}]}}