{"id":1291,"date":"2015-12-15T23:33:20","date_gmt":"2015-12-15T21:33:20","guid":{"rendered":"http:\/\/uar.es\/?p=1291"},"modified":"2015-12-15T23:34:46","modified_gmt":"2015-12-15T21:34:46","slug":"16a-nit-de-la-uar","status":"publish","type":"post","link":"https:\/\/uar.es\/?p=1291","title":{"rendered":"16a NIT DE LA UAR"},"content":{"rendered":"<p style=\"text-align: justify;\"><strong><a href=\"http:\/\/uar.es\/wp-content\/uploads\/2015\/12\/26142.jpg\"><img loading=\"lazy\" class=\"size-medium wp-image-1292 alignleft\" src=\"http:\/\/uar.es\/wp-content\/uploads\/2015\/12\/26142-300x209.jpg\" alt=\"26142\" width=\"300\" height=\"209\" srcset=\"https:\/\/uar.es\/wp-content\/uploads\/2015\/12\/26142-300x209.jpg 300w, https:\/\/uar.es\/wp-content\/uploads\/2015\/12\/26142.jpg 400w\" sizes=\"(max-width: 300px) 100vw, 300px\" \/><\/a><\/strong>El divendres 20 de novembre, es va celebrar la 16a edici\u00f3 de la Nit de la UAR, el m\u00edtic sopar que, com cada any per aquestes dates, organitza la Uni\u00f3 Atl\u00e8tica Rub\u00ed amb l&#8217;objectiu de reunir a tots els socis, fer rep\u00e0s de la temporada i rendir homenatge a tots els\u00a0atletes\u00a0destacats pels seus m\u00e8rits esportius assolits.<\/p>\n<p style=\"text-align: justify;\">L&#8217;esdeveniment va reunir a m\u00e9s de cent trenta socis al Restaurant Rac\u00f3 de Can Barata i va comptar amb la visita del Regidor d&#8217;Esports.<\/p>\n<p style=\"text-align: justify;\">La nit va comptar amb moments molt emotius tradu\u00efts en imatges, mitjan\u00e7ant la projecci\u00f3 d&#8217;uns\u00a0v\u00eddeos\u00a0de tota la temporada i un lliurament de premis a tots els atletes finalistes\u00a0i medallistes als campionats de Catalunya i Espanya, d&#8217;entre els quals es destaca el paper del local juvenil \u00cdker G\u00f3mez, 3er al campionat d&#8217;Espanya en 400 metres en pista coberta i que actualment compta amb una beca de seguiment al CAR de Sant Cugat.<\/p>\n<p style=\"text-align: justify;\">El moment m\u00e9s especial de la nit va ser l&#8217;homenatge que el club va rendir al marxador Ignasi Melo i al fondista, tamb\u00e9 veter\u00e0, Francisco Arag\u00f3n. L&#8217;Ignasi Melo en aquesta temporada ha estat subcampi\u00f3 del mon en 5.000 i 10.000 metres marxa a l&#8217;aire lliure, campi\u00f3 de Catalunya en els 3.000 de pista coberta i r\u00e8cord d&#8217;Espanya en 10.000 metres en pista coberta;<br \/>\nEn Francisco Arag\u00f3n ha demostrat que aquest ha estat el seu millor any i ha obsequiat al club i a la nostra ciutat amb una doble medalla de Campi\u00f3 del mon ( cross i 2.000 metres obstacles en pista aire lliure), a m\u00e9s dels t\u00edtols de campi\u00f3 de Catalunya i Espanya en diferents proves i dist\u00e0ncies.<\/p>\n","protected":false},"excerpt":{"rendered":"<p>El divendres 20 de novembre, es va celebrar la 16a edici\u00f3 de la Nit de la UAR, el m\u00edtic sopar que, com cada any per aquestes dates, organitza la Uni\u00f3 Atl\u00e8tica Rub\u00ed amb l&#8217;objectiu de reunir a tots els socis, fer rep\u00e0s de la temporada i rendir homenatge a tots els\u00a0atletes\u00a0destacats pels seus m\u00e8rits esportius [&hellip;]<\/p>\n","protected":false},"author":6,"featured_media":0,"comment_status":"closed","ping_status":"closed","sticky":false,"template":"","format":"standard","meta":[],"categories":[2],"tags":[],"_links":{"self":[{"href":"https:\/\/uar.es\/index.php?rest_route=\/wp\/v2\/posts\/1291"}],"collection":[{"href":"https:\/\/uar.es\/index.php?rest_route=\/wp\/v2\/posts"}],"about":[{"href":"https:\/\/uar.es\/index.php?rest_route=\/wp\/v2\/types\/post"}],"author":[{"embeddable":true,"href":"https:\/\/uar.es\/index.php?rest_route=\/wp\/v2\/users\/6"}],"replies":[{"embeddable":true,"href":"https:\/\/uar.es\/index.php?rest_route=%2Fwp%2Fv2%2Fcomments&post=1291"}],"version-history":[{"count":2,"href":"https:\/\/uar.es\/index.php?rest_route=\/wp\/v2\/posts\/1291\/revisions"}],"predecessor-version":[{"id":1294,"href":"https:\/\/uar.es\/index.php?rest_route=\/wp\/v2\/posts\/1291\/revisions\/1294"}],"wp:attachment":[{"href":"https:\/\/uar.es\/index.php?rest_route=%2Fwp%2Fv2%2Fmedia&parent=1291"}],"wp:term":[{"taxonomy":"category","embeddable":true,"href":"https:\/\/uar.es\/index.php?rest_route=%2Fwp%2Fv2%2Fcategories&post=1291"},{"taxonomy":"post_tag","embeddable":true,"href":"https:\/\/uar.es\/index.php?rest_route=%2Fwp%2Fv2%2Ftags&post=1291"}],"curies":[{"name":"wp","href":"https:\/\/api.w.org\/{rel}","templated":true}]}}