{"id":1312,"date":"2015-12-24T16:48:03","date_gmt":"2015-12-24T14:48:03","guid":{"rendered":"http:\/\/uar.es\/?p=1312"},"modified":"2015-12-24T16:48:52","modified_gmt":"2015-12-24T14:48:52","slug":"horaris-dobertura-de-la-instal%c2%b7lacio","status":"publish","type":"post","link":"https:\/\/uar.es\/?p=1312","title":{"rendered":"HORARIS D&#8217;OBERTURA DE LA INSTAL\u00b7LACI\u00d3"},"content":{"rendered":"<h3>Detallem horaris d\u2019obertura de la instal.laci\u00f3 durant les festes de Nadal i Cap d\u2019any:<\/h3>\n<p>24 i 31 desembre 2015. Obert fins a les 14:00 hores.<\/p>\n<p>25, 26 i 27 desembre 2015. Instal.laci\u00f3 tancada.<\/p>\n<p>28, 29 i 30 desembre 2015.Horari d\u2019obertura normal mat\u00ed i tarda.<\/p>\n<p>1, 2 i 3 gener 2016. Instal.laci\u00f3 tancada.<\/p>\n<p>A partir del 4 de gener. Horari d\u2019obertura normal mat\u00ed i tarda.<\/p>\n<h3>A partir del 4 de gener l&#8217;horari de mat\u00ed passa a ser de 9:00 a 15:00 hores de manera definitiva.<\/h3>\n<p style=\"text-align: right;\">Uni\u00f3 Atl\u00e8tica Rub\u00ed<\/p>\n","protected":false},"excerpt":{"rendered":"<p>Detallem horaris d\u2019obertura de la instal.laci\u00f3 durant les festes de Nadal i Cap d\u2019any: 24 i 31 desembre 2015. Obert fins a les 14:00 hores. 25, 26 i 27 desembre 2015. Instal.laci\u00f3 tancada. 28, 29 i 30 desembre 2015.Horari d\u2019obertura normal mat\u00ed i tarda. 1, 2 i 3 gener 2016. Instal.laci\u00f3 tancada. A partir del [&hellip;]<\/p>\n","protected":false},"author":6,"featured_media":0,"comment_status":"closed","ping_status":"closed","sticky":false,"template":"","format":"standard","meta":[],"categories":[2],"tags":[],"_links":{"self":[{"href":"https:\/\/uar.es\/index.php?rest_route=\/wp\/v2\/posts\/1312"}],"collection":[{"href":"https:\/\/uar.es\/index.php?rest_route=\/wp\/v2\/posts"}],"about":[{"href":"https:\/\/uar.es\/index.php?rest_route=\/wp\/v2\/types\/post"}],"author":[{"embeddable":true,"href":"https:\/\/uar.es\/index.php?rest_route=\/wp\/v2\/users\/6"}],"replies":[{"embeddable":true,"href":"https:\/\/uar.es\/index.php?rest_route=%2Fwp%2Fv2%2Fcomments&post=1312"}],"version-history":[{"count":2,"href":"https:\/\/uar.es\/index.php?rest_route=\/wp\/v2\/posts\/1312\/revisions"}],"predecessor-version":[{"id":1314,"href":"https:\/\/uar.es\/index.php?rest_route=\/wp\/v2\/posts\/1312\/revisions\/1314"}],"wp:attachment":[{"href":"https:\/\/uar.es\/index.php?rest_route=%2Fwp%2Fv2%2Fmedia&parent=1312"}],"wp:term":[{"taxonomy":"category","embeddable":true,"href":"https:\/\/uar.es\/index.php?rest_route=%2Fwp%2Fv2%2Fcategories&post=1312"},{"taxonomy":"post_tag","embeddable":true,"href":"https:\/\/uar.es\/index.php?rest_route=%2Fwp%2Fv2%2Ftags&post=1312"}],"curies":[{"name":"wp","href":"https:\/\/api.w.org\/{rel}","templated":true}]}}