{"id":1353,"date":"2016-02-15T10:05:02","date_gmt":"2016-02-15T08:05:02","guid":{"rendered":"http:\/\/uar.es\/?p=1353"},"modified":"2016-02-15T10:10:04","modified_gmt":"2016-02-15T08:10:04","slug":"campionat-de-catalunya-junior-de-proves-combinades","status":"publish","type":"post","link":"https:\/\/uar.es\/?p=1353","title":{"rendered":"CAMPIONAT DE CATALUNYA J\u00daNIOR DE PROVES COMBINADES"},"content":{"rendered":"<p>Aquest cap de setmana a Sabadell es van reunir els especialistes de combinades de les categories j\u00fanior i juvenil per disputar el Campionat de Catalunya de Pista Coberta.<\/p>\n<p>El Ferran Merino (U.A.R) disputava la competici\u00f3 en categoria j\u00fanior on va aconseguir pujar al p\u00f2dium i penjar-se la medalla de bronze amb\u00a0una nova marca personal de 3.917 punts a l&#8217;heptatl\u00f3.<\/p>\n<p>Les marques realitzades pel Ferran va ser:<\/p>\n<p>60mll (7&#8243;67)-Llargada (6&#8217;25)- Pes (9&#8217;12)- Al\u00e7ada (1&#8217;61)-60mt (9&#8243;09)-Perxa (3&#8217;12)-1.000mll (3&#8217;06&#8243;67).<\/p>\n<p>Enhorabona per la progressi\u00f3 realitzada i pel p\u00f2dium aconseguit.<\/p>\n<p><a href=\"http:\/\/uar.es\/wp-content\/uploads\/2016\/02\/IMG-20160214-WA0017.jpg\"><img loading=\"lazy\" class=\"alignnone size-medium wp-image-1357\" src=\"http:\/\/uar.es\/wp-content\/uploads\/2016\/02\/IMG-20160214-WA0017-300x225.jpg\" alt=\"IMG-20160214-WA0017\" width=\"300\" height=\"225\" srcset=\"https:\/\/uar.es\/wp-content\/uploads\/2016\/02\/IMG-20160214-WA0017-300x225.jpg 300w, https:\/\/uar.es\/wp-content\/uploads\/2016\/02\/IMG-20160214-WA0017-500x375.jpg 500w, https:\/\/uar.es\/wp-content\/uploads\/2016\/02\/IMG-20160214-WA0017.jpg 600w\" sizes=\"(max-width: 300px) 100vw, 300px\" \/><\/a> <a href=\"http:\/\/uar.es\/wp-content\/uploads\/2016\/02\/IMG-20160214-WA0016.jpg\"><img loading=\"lazy\" class=\"alignnone size-medium wp-image-1358\" src=\"http:\/\/uar.es\/wp-content\/uploads\/2016\/02\/IMG-20160214-WA0016-300x225.jpg\" alt=\"IMG-20160214-WA0016\" width=\"300\" height=\"225\" srcset=\"https:\/\/uar.es\/wp-content\/uploads\/2016\/02\/IMG-20160214-WA0016-300x225.jpg 300w, https:\/\/uar.es\/wp-content\/uploads\/2016\/02\/IMG-20160214-WA0016-500x375.jpg 500w, https:\/\/uar.es\/wp-content\/uploads\/2016\/02\/IMG-20160214-WA0016.jpg 600w\" sizes=\"(max-width: 300px) 100vw, 300px\" \/><\/a><\/p>\n","protected":false},"excerpt":{"rendered":"<p>Aquest cap de setmana a Sabadell es van reunir els especialistes de combinades de les categories j\u00fanior i juvenil per disputar el Campionat de Catalunya de Pista Coberta. El Ferran Merino (U.A.R) disputava la competici\u00f3 en categoria j\u00fanior on va aconseguir pujar al p\u00f2dium i penjar-se la medalla de bronze amb\u00a0una nova marca personal de [&hellip;]<\/p>\n","protected":false},"author":4,"featured_media":0,"comment_status":"closed","ping_status":"closed","sticky":false,"template":"","format":"standard","meta":[],"categories":[2],"tags":[],"_links":{"self":[{"href":"https:\/\/uar.es\/index.php?rest_route=\/wp\/v2\/posts\/1353"}],"collection":[{"href":"https:\/\/uar.es\/index.php?rest_route=\/wp\/v2\/posts"}],"about":[{"href":"https:\/\/uar.es\/index.php?rest_route=\/wp\/v2\/types\/post"}],"author":[{"embeddable":true,"href":"https:\/\/uar.es\/index.php?rest_route=\/wp\/v2\/users\/4"}],"replies":[{"embeddable":true,"href":"https:\/\/uar.es\/index.php?rest_route=%2Fwp%2Fv2%2Fcomments&post=1353"}],"version-history":[{"count":4,"href":"https:\/\/uar.es\/index.php?rest_route=\/wp\/v2\/posts\/1353\/revisions"}],"predecessor-version":[{"id":1362,"href":"https:\/\/uar.es\/index.php?rest_route=\/wp\/v2\/posts\/1353\/revisions\/1362"}],"wp:attachment":[{"href":"https:\/\/uar.es\/index.php?rest_route=%2Fwp%2Fv2%2Fmedia&parent=1353"}],"wp:term":[{"taxonomy":"category","embeddable":true,"href":"https:\/\/uar.es\/index.php?rest_route=%2Fwp%2Fv2%2Fcategories&post=1353"},{"taxonomy":"post_tag","embeddable":true,"href":"https:\/\/uar.es\/index.php?rest_route=%2Fwp%2Fv2%2Ftags&post=1353"}],"curies":[{"name":"wp","href":"https:\/\/api.w.org\/{rel}","templated":true}]}}