{"id":1363,"date":"2016-02-15T10:32:00","date_gmt":"2016-02-15T08:32:00","guid":{"rendered":"http:\/\/uar.es\/?p=1363"},"modified":"2016-02-15T10:32:00","modified_gmt":"2016-02-15T08:32:00","slug":"campionat-de-catalunya-de-cros-2","status":"publish","type":"post","link":"https:\/\/uar.es\/?p=1363","title":{"rendered":"CAMPIONAT DE CATALUNYA DE CROS"},"content":{"rendered":"<p>A la ciutat de Girona es va disputar el 97\u00e8 Campionat de Catalunya de Cros.<\/p>\n<p>En una de les competicions m\u00e9s disputades de la temporada d&#8217;hivern el Jan Badia va treure el millor d&#8217;ell mateix i va aconseguir una magn\u00edfica tercera posici\u00f3 a la categoria cadet masculina.<\/p>\n<p>El Jan Badia s&#8217;ha guanyat una pla\u00e7a per disputar el campionat d&#8217;Espanya de cros que es celebrar\u00e0 aquest proper diumenge a Burgos.<\/p>\n<p>L&#8217;altre medalla rubinenca de la jornada va provenir de l&#8217;equip alev\u00ed femen\u00ed que va aconseguir penjar-se el bronze. Les alevines van pujar al p\u00f2dium gr\u00e0cies a l&#8217;esfor\u00e7 i el sacrifici de totes les seves components, que van entrar en les seg\u00fcents posicions:<\/p>\n<ul>\n<li>Violeta Vilches (12\u00aa)<\/li>\n<li>Ona Gombau (42\u00aa)<\/li>\n<li>Valeria Olalla (43\u00aa)<\/li>\n<li>Claudia Luengo (50\u00aa)<\/li>\n<\/ul>\n<p>En una prova tan exigent cal destacar altres atletes que van aconseguir entrar entre els vint primers classificats com van ser el Miquel Egea (16\u00e8) en categoria j\u00fanior, Jan Soler (17\u00e8) cadet, Marc L\u00f3pez (19\u00e8) alev\u00ed.<\/p>\n<p>Felicitacions a tots i totes.<\/p>\n<p><a href=\"http:\/\/uar.es\/wp-content\/uploads\/2016\/02\/IMG-20160214-WA0018.jpg\"><img loading=\"lazy\" class=\"alignnone size-medium wp-image-1364\" src=\"http:\/\/uar.es\/wp-content\/uploads\/2016\/02\/IMG-20160214-WA0018-225x300.jpg\" alt=\"IMG-20160214-WA0018\" width=\"225\" height=\"300\" srcset=\"https:\/\/uar.es\/wp-content\/uploads\/2016\/02\/IMG-20160214-WA0018-225x300.jpg 225w, https:\/\/uar.es\/wp-content\/uploads\/2016\/02\/IMG-20160214-WA0018.jpg 450w\" sizes=\"(max-width: 225px) 100vw, 225px\" \/><\/a> \u00a0<a href=\"http:\/\/uar.es\/wp-content\/uploads\/2016\/02\/IMG-20160214-WA0006.jpg\"><img loading=\"lazy\" class=\"alignnone size-medium wp-image-1366\" src=\"http:\/\/uar.es\/wp-content\/uploads\/2016\/02\/IMG-20160214-WA0006-225x300.jpg\" alt=\"IMG-20160214-WA0006\" width=\"225\" height=\"300\" srcset=\"https:\/\/uar.es\/wp-content\/uploads\/2016\/02\/IMG-20160214-WA0006-225x300.jpg 225w, https:\/\/uar.es\/wp-content\/uploads\/2016\/02\/IMG-20160214-WA0006.jpg 450w\" sizes=\"(max-width: 225px) 100vw, 225px\" \/><\/a><\/p>\n","protected":false},"excerpt":{"rendered":"<p>A la ciutat de Girona es va disputar el 97\u00e8 Campionat de Catalunya de Cros. En una de les competicions m\u00e9s disputades de la temporada d&#8217;hivern el Jan Badia va treure el millor d&#8217;ell mateix i va aconseguir una magn\u00edfica tercera posici\u00f3 a la categoria cadet masculina. El Jan Badia s&#8217;ha guanyat una pla\u00e7a per [&hellip;]<\/p>\n","protected":false},"author":4,"featured_media":0,"comment_status":"closed","ping_status":"closed","sticky":false,"template":"","format":"standard","meta":[],"categories":[2],"tags":[],"_links":{"self":[{"href":"https:\/\/uar.es\/index.php?rest_route=\/wp\/v2\/posts\/1363"}],"collection":[{"href":"https:\/\/uar.es\/index.php?rest_route=\/wp\/v2\/posts"}],"about":[{"href":"https:\/\/uar.es\/index.php?rest_route=\/wp\/v2\/types\/post"}],"author":[{"embeddable":true,"href":"https:\/\/uar.es\/index.php?rest_route=\/wp\/v2\/users\/4"}],"replies":[{"embeddable":true,"href":"https:\/\/uar.es\/index.php?rest_route=%2Fwp%2Fv2%2Fcomments&post=1363"}],"version-history":[{"count":1,"href":"https:\/\/uar.es\/index.php?rest_route=\/wp\/v2\/posts\/1363\/revisions"}],"predecessor-version":[{"id":1367,"href":"https:\/\/uar.es\/index.php?rest_route=\/wp\/v2\/posts\/1363\/revisions\/1367"}],"wp:attachment":[{"href":"https:\/\/uar.es\/index.php?rest_route=%2Fwp%2Fv2%2Fmedia&parent=1363"}],"wp:term":[{"taxonomy":"category","embeddable":true,"href":"https:\/\/uar.es\/index.php?rest_route=%2Fwp%2Fv2%2Fcategories&post=1363"},{"taxonomy":"post_tag","embeddable":true,"href":"https:\/\/uar.es\/index.php?rest_route=%2Fwp%2Fv2%2Ftags&post=1363"}],"curies":[{"name":"wp","href":"https:\/\/api.w.org\/{rel}","templated":true}]}}