{"id":1371,"date":"2016-02-22T12:47:26","date_gmt":"2016-02-22T10:47:26","guid":{"rendered":"http:\/\/uar.es\/?p=1371"},"modified":"2016-02-22T12:47:26","modified_gmt":"2016-02-22T10:47:26","slug":"campionat-espanya-cros-csd","status":"publish","type":"post","link":"https:\/\/uar.es\/?p=1371","title":{"rendered":"CAMPIONAT ESPANYA CROS CSD"},"content":{"rendered":"<p>La ciutat de Burgos ha estat el lloc designat com a seu del Campionat d&#8217;Espanya de Cros del Consell Superior d&#8217;Esports.<\/p>\n<p>Les seleccions auton\u00f2miques es disputaven el campionat de cros en categoria cadet i juvenil.\u00a0Per aquest esdeveniment va ser seleccionat el rubinenc Jan Badia, gr\u00e0cies a la seva tercera posici\u00f3 al Campionat de Catalunya de cros.<\/p>\n<p>En el seu d\u00e9but amb la selecci\u00f3 catalana el Jan va aconseguir una merit\u00f2ria 38\u00aa posici\u00f3, amb la qual ajudava a sumar punts perqu\u00e8 s&#8217;aconsegu\u00eds el cinqu\u00e8 llocs per equips.<\/p>\n<p>L&#8217;entrenador de la U.A.R. DAvid Madrid tamb\u00e9 va formar part de l&#8217;expedici\u00f3 catalana a Burgos.<\/p>\n<p>Segur que l&#8217;experi\u00e8ncia ajudar\u00e0 a formar a aquest jove atleta de cara a \u00a0futurs reptes.<\/p>\n<p><a href=\"http:\/\/uar.es\/wp-content\/uploads\/2016\/02\/espcroscadjuvselecc20162.jpg\"><img loading=\"lazy\" class=\"alignnone  wp-image-1374\" src=\"http:\/\/uar.es\/wp-content\/uploads\/2016\/02\/espcroscadjuvselecc20162-300x141.jpg\" alt=\"espcroscadjuvselecc2016\" width=\"447\" height=\"210\" srcset=\"https:\/\/uar.es\/wp-content\/uploads\/2016\/02\/espcroscadjuvselecc20162-300x141.jpg 300w, https:\/\/uar.es\/wp-content\/uploads\/2016\/02\/espcroscadjuvselecc20162-500x235.jpg 500w, https:\/\/uar.es\/wp-content\/uploads\/2016\/02\/espcroscadjuvselecc20162.jpg 600w\" sizes=\"(max-width: 447px) 100vw, 447px\" \/><\/a><\/p>\n","protected":false},"excerpt":{"rendered":"<p>La ciutat de Burgos ha estat el lloc designat com a seu del Campionat d&#8217;Espanya de Cros del Consell Superior d&#8217;Esports. Les seleccions auton\u00f2miques es disputaven el campionat de cros en categoria cadet i juvenil.\u00a0Per aquest esdeveniment va ser seleccionat el rubinenc Jan Badia, gr\u00e0cies a la seva tercera posici\u00f3 al Campionat de Catalunya de [&hellip;]<\/p>\n","protected":false},"author":4,"featured_media":0,"comment_status":"closed","ping_status":"closed","sticky":false,"template":"","format":"standard","meta":[],"categories":[2],"tags":[],"_links":{"self":[{"href":"https:\/\/uar.es\/index.php?rest_route=\/wp\/v2\/posts\/1371"}],"collection":[{"href":"https:\/\/uar.es\/index.php?rest_route=\/wp\/v2\/posts"}],"about":[{"href":"https:\/\/uar.es\/index.php?rest_route=\/wp\/v2\/types\/post"}],"author":[{"embeddable":true,"href":"https:\/\/uar.es\/index.php?rest_route=\/wp\/v2\/users\/4"}],"replies":[{"embeddable":true,"href":"https:\/\/uar.es\/index.php?rest_route=%2Fwp%2Fv2%2Fcomments&post=1371"}],"version-history":[{"count":1,"href":"https:\/\/uar.es\/index.php?rest_route=\/wp\/v2\/posts\/1371\/revisions"}],"predecessor-version":[{"id":1375,"href":"https:\/\/uar.es\/index.php?rest_route=\/wp\/v2\/posts\/1371\/revisions\/1375"}],"wp:attachment":[{"href":"https:\/\/uar.es\/index.php?rest_route=%2Fwp%2Fv2%2Fmedia&parent=1371"}],"wp:term":[{"taxonomy":"category","embeddable":true,"href":"https:\/\/uar.es\/index.php?rest_route=%2Fwp%2Fv2%2Fcategories&post=1371"},{"taxonomy":"post_tag","embeddable":true,"href":"https:\/\/uar.es\/index.php?rest_route=%2Fwp%2Fv2%2Ftags&post=1371"}],"curies":[{"name":"wp","href":"https:\/\/api.w.org\/{rel}","templated":true}]}}