{"id":1379,"date":"2016-02-22T14:42:48","date_gmt":"2016-02-22T12:42:48","guid":{"rendered":"http:\/\/uar.es\/?p=1379"},"modified":"2016-02-22T23:37:03","modified_gmt":"2016-02-22T21:37:03","slug":"adria-navajon-medalla-dargent-en-combinades","status":"publish","type":"post","link":"https:\/\/uar.es\/?p=1379","title":{"rendered":"\u00c0DRIA NAVAJ\u00d3N MEDALLA D\u2019ARGENT EN COMBINADES"},"content":{"rendered":"<p>El cap de setmana passat es va celebrar el Campionat de Catalunya de Proves Combinades Cadet a la pista coberta de Sabadell.<\/p>\n<p>La participaci\u00f3 de la U.A.Rub\u00ed va ser molt activa amb tres atletes en concurs a la categoria masculina dels 12 possibles participants.<\/p>\n<p>L\u2019Adri\u00e0 Navaj\u00f3n va tenir una actuaci\u00f3 molt destacada al aconseguir la medalla d\u2019argent amb un puntuaci\u00f3 de 3.577 punts. El David Jim\u00e9nez va millor moltes de les seves millors marques personals \u00a0i va aconseguir ser cinqu\u00e8 amb 3.109 punts.\u00a0 El Gerard Merino va finalitzar en el des\u00e8 lloc (2.650 punts) imposant-se a la prova de mil metres a la resta de competidors.<\/p>\n<p>El resum de marques \u00e9s el seg\u00fcent:<\/p>\n<p>&nbsp;<\/p>\n<table>\n<tbody>\n<tr>\n<td width=\"75\"><\/td>\n<td width=\"83\">60mll<\/td>\n<td width=\"88\">Llargada<\/td>\n<td width=\"80\">Pes<\/td>\n<td width=\"85\">Al\u00e7ada<\/td>\n<td width=\"83\">60mt<\/td>\n<td width=\"87\">1000mll<\/td>\n<\/tr>\n<tr>\n<td width=\"75\">Adri\u00e0<\/td>\n<td width=\"83\">7\u201d73<\/td>\n<td width=\"88\">5\u201983<\/td>\n<td width=\"80\">9\u201933<\/td>\n<td width=\"85\">1\u201972<\/td>\n<td width=\"83\">9\u201d25<\/td>\n<td width=\"87\">2\u201957\u201d35<\/td>\n<\/tr>\n<tr>\n<td width=\"75\">David<\/td>\n<td width=\"83\">7\u201d63<\/td>\n<td width=\"88\">5\u201957<\/td>\n<td width=\"80\">8\u201931<\/td>\n<td width=\"85\">1\u201954<\/td>\n<td width=\"83\">9\u201d94<\/td>\n<td width=\"87\">3\u201908\u201d18<\/td>\n<\/tr>\n<tr>\n<td width=\"75\">Gerard<\/td>\n<td width=\"83\">8\u201d21<\/td>\n<td width=\"88\">4\u201972<\/td>\n<td width=\"80\">8\u201936<\/td>\n<td width=\"85\">1\u201939<\/td>\n<td width=\"83\">10\u201979<\/td>\n<td width=\"87\">2\u201954\u201d41<\/td>\n<\/tr>\n<\/tbody>\n<\/table>\n<p>Enhorabona a tots tres.<\/p>\n<p><a href=\"http:\/\/uar.es\/wp-content\/uploads\/2016\/02\/catcadetcombipcpodim.jpg\"><img loading=\"lazy\" class=\"alignnone size-medium wp-image-1380\" src=\"http:\/\/uar.es\/wp-content\/uploads\/2016\/02\/catcadetcombipcpodim-201x300.jpg\" alt=\"catcadetcombipcpodim\" width=\"201\" height=\"300\" srcset=\"https:\/\/uar.es\/wp-content\/uploads\/2016\/02\/catcadetcombipcpodim-201x300.jpg 201w, https:\/\/uar.es\/wp-content\/uploads\/2016\/02\/catcadetcombipcpodim.jpg 400w\" sizes=\"(max-width: 201px) 100vw, 201px\" \/><\/a><\/p>\n<p>Podeu trobar m\u00e9s imatges a la seg\u00fcent adre\u00e7a:\u00a0<a href=\"https:\/\/www.flickr.com\/photos\/135933013@N04\/sets\/72157664226035999\/\">https:\/\/www.flickr.com\/photos\/135933013@N04\/sets\/72157664226035999\/<\/a><\/p>\n","protected":false},"excerpt":{"rendered":"<p>El cap de setmana passat es va celebrar el Campionat de Catalunya de Proves Combinades Cadet a la pista coberta de Sabadell. La participaci\u00f3 de la U.A.Rub\u00ed va ser molt activa amb tres atletes en concurs a la categoria masculina dels 12 possibles participants. L\u2019Adri\u00e0 Navaj\u00f3n va tenir una actuaci\u00f3 molt destacada al aconseguir la [&hellip;]<\/p>\n","protected":false},"author":4,"featured_media":0,"comment_status":"closed","ping_status":"closed","sticky":false,"template":"","format":"standard","meta":[],"categories":[2],"tags":[],"_links":{"self":[{"href":"https:\/\/uar.es\/index.php?rest_route=\/wp\/v2\/posts\/1379"}],"collection":[{"href":"https:\/\/uar.es\/index.php?rest_route=\/wp\/v2\/posts"}],"about":[{"href":"https:\/\/uar.es\/index.php?rest_route=\/wp\/v2\/types\/post"}],"author":[{"embeddable":true,"href":"https:\/\/uar.es\/index.php?rest_route=\/wp\/v2\/users\/4"}],"replies":[{"embeddable":true,"href":"https:\/\/uar.es\/index.php?rest_route=%2Fwp%2Fv2%2Fcomments&post=1379"}],"version-history":[{"count":2,"href":"https:\/\/uar.es\/index.php?rest_route=\/wp\/v2\/posts\/1379\/revisions"}],"predecessor-version":[{"id":1383,"href":"https:\/\/uar.es\/index.php?rest_route=\/wp\/v2\/posts\/1379\/revisions\/1383"}],"wp:attachment":[{"href":"https:\/\/uar.es\/index.php?rest_route=%2Fwp%2Fv2%2Fmedia&parent=1379"}],"wp:term":[{"taxonomy":"category","embeddable":true,"href":"https:\/\/uar.es\/index.php?rest_route=%2Fwp%2Fv2%2Fcategories&post=1379"},{"taxonomy":"post_tag","embeddable":true,"href":"https:\/\/uar.es\/index.php?rest_route=%2Fwp%2Fv2%2Ftags&post=1379"}],"curies":[{"name":"wp","href":"https:\/\/api.w.org\/{rel}","templated":true}]}}