{"id":1410,"date":"2016-03-06T18:30:57","date_gmt":"2016-03-06T16:30:57","guid":{"rendered":"http:\/\/uar.es\/?p=1410"},"modified":"2016-03-06T18:31:03","modified_gmt":"2016-03-06T16:31:03","slug":"campionat-despanya-absolut-de-pista-coberta","status":"publish","type":"post","link":"https:\/\/uar.es\/?p=1410","title":{"rendered":"CAMPIONAT D\u2019ESPANYA ABSOLUT DE PISTA COBERTA"},"content":{"rendered":"<p>Despr\u00e9s d\u2019uns anys sense representaci\u00f3 de la U.A.Rub\u00ed ,a la m\u00e0xima competici\u00f3 d\u2019\u00e0mbit nacional sota sostre, aquest cap de setmana el rubinenc Iker G\u00f3mez ha disputat \u00a0la 52\u00e0 edici\u00f3 del Campionat d\u2019Espanya absolut. L\u2019Estadi Municipal de Gallur a Madrid, una instal\u00b7laci\u00f3\u00a0 remodelada per acollir grans esdeveniments, ha estat la seu d\u2019aquest campionat.<\/p>\n<p>Iker malgrat la seva joventut, \u00a0pertany a la categoria j\u00fanior, va aconseguir la m\u00ednima exigida per participar als 200mll.<\/p>\n<p>Dissabte pel mat\u00ed va disputar la setena eliminat\u00f2ria on va entrar en quarta posici\u00f3 amb una marca de 22\u201d17, molt a prop del seu millor registre que \u00e9s de 22\u201d10.<\/p>\n<p>El rubinec no va poder classificar-se per la ronda de semifinals a la qual \u00e9s va accedir amb un registre de 21\u201d87.<\/p>\n<p>El proper cap de setmana a Sabadell es disputar\u00e0 el Campionat d\u2019Espanya J\u00fanior, a l\u2019estadi de Sabadel,l on l\u2019Iker i altres rubinencs podran demostrar el seu bon estat de forma.<\/p>\n<p><a href=\"http:\/\/uar.es\/wp-content\/uploads\/2016\/03\/IMG-20160306-WA0000.jpg\"><img loading=\"lazy\" class=\"alignnone size-medium wp-image-1411\" src=\"http:\/\/uar.es\/wp-content\/uploads\/2016\/03\/IMG-20160306-WA0000-300x169.jpg\" alt=\"IMG-20160306-WA0000\" width=\"300\" height=\"169\" srcset=\"https:\/\/uar.es\/wp-content\/uploads\/2016\/03\/IMG-20160306-WA0000-300x169.jpg 300w, https:\/\/uar.es\/wp-content\/uploads\/2016\/03\/IMG-20160306-WA0000-500x281.jpg 500w, https:\/\/uar.es\/wp-content\/uploads\/2016\/03\/IMG-20160306-WA0000.jpg 600w\" sizes=\"(max-width: 300px) 100vw, 300px\" \/><\/a><\/p>\n","protected":false},"excerpt":{"rendered":"<p>Despr\u00e9s d\u2019uns anys sense representaci\u00f3 de la U.A.Rub\u00ed ,a la m\u00e0xima competici\u00f3 d\u2019\u00e0mbit nacional sota sostre, aquest cap de setmana el rubinenc Iker G\u00f3mez ha disputat \u00a0la 52\u00e0 edici\u00f3 del Campionat d\u2019Espanya absolut. L\u2019Estadi Municipal de Gallur a Madrid, una instal\u00b7laci\u00f3\u00a0 remodelada per acollir grans esdeveniments, ha estat la seu d\u2019aquest campionat. Iker malgrat la [&hellip;]<\/p>\n","protected":false},"author":4,"featured_media":0,"comment_status":"closed","ping_status":"closed","sticky":false,"template":"","format":"standard","meta":[],"categories":[2],"tags":[],"_links":{"self":[{"href":"https:\/\/uar.es\/index.php?rest_route=\/wp\/v2\/posts\/1410"}],"collection":[{"href":"https:\/\/uar.es\/index.php?rest_route=\/wp\/v2\/posts"}],"about":[{"href":"https:\/\/uar.es\/index.php?rest_route=\/wp\/v2\/types\/post"}],"author":[{"embeddable":true,"href":"https:\/\/uar.es\/index.php?rest_route=\/wp\/v2\/users\/4"}],"replies":[{"embeddable":true,"href":"https:\/\/uar.es\/index.php?rest_route=%2Fwp%2Fv2%2Fcomments&post=1410"}],"version-history":[{"count":1,"href":"https:\/\/uar.es\/index.php?rest_route=\/wp\/v2\/posts\/1410\/revisions"}],"predecessor-version":[{"id":1412,"href":"https:\/\/uar.es\/index.php?rest_route=\/wp\/v2\/posts\/1410\/revisions\/1412"}],"wp:attachment":[{"href":"https:\/\/uar.es\/index.php?rest_route=%2Fwp%2Fv2%2Fmedia&parent=1410"}],"wp:term":[{"taxonomy":"category","embeddable":true,"href":"https:\/\/uar.es\/index.php?rest_route=%2Fwp%2Fv2%2Fcategories&post=1410"},{"taxonomy":"post_tag","embeddable":true,"href":"https:\/\/uar.es\/index.php?rest_route=%2Fwp%2Fv2%2Ftags&post=1410"}],"curies":[{"name":"wp","href":"https:\/\/api.w.org\/{rel}","templated":true}]}}