{"id":1413,"date":"2016-03-06T18:50:24","date_gmt":"2016-03-06T16:50:24","guid":{"rendered":"http:\/\/uar.es\/?p=1413"},"modified":"2016-03-06T18:50:24","modified_gmt":"2016-03-06T16:50:24","slug":"campionat-despanya-juvenil-de-pista-coberta","status":"publish","type":"post","link":"https:\/\/uar.es\/?p=1413","title":{"rendered":"CAMPIONAT D\u2019ESPANYA JUVENIL DE PISTA COBERTA"},"content":{"rendered":"<p>L\u2019estadi Carlos Gil P\u00e9rez de Salamanca ha estat la seu de la 40\u00aa edici\u00f3 del Campionat d\u2019Espanya Juvenil de Pista Coberta.<\/p>\n<p>En aquesta ocasi\u00f3 la representaci\u00f3 rubinenca estava a la prova de 200mll femenins. La Clara Egea, una vegada m\u00e9s, competia amb les millors velocistes estatals.<\/p>\n<p>La competici\u00f3 es va obrir dissabte pel mat\u00ed amb les eliminat\u00f2ries. La Clara va c\u00f3rrer la primera de les eliminat\u00f2ries on va entrar en segona posici\u00f3 amb una marca de 25\u201d73, que suposava la seva millor marca de la temporada a la prova i la classificaci\u00f3 per temps.<\/p>\n<p>Per la tarda a la segona semifinal va entrar en quarta posici\u00f3 amb un registre molt semblant al del mat\u00ed (25\u201d71), amb aquesta marca va quedar-se a una cent\u00e8sima d\u2019entrar a una de les finals de la prova.<\/p>\n<p>Enhorabona a Clara i al seu entrenador Sergio Ruiz pel bon resultat.<\/p>\n<p><a href=\"http:\/\/uar.es\/wp-content\/uploads\/2016\/03\/IMG-20160306-WA0002.jpg\"><img loading=\"lazy\" class=\"alignnone size-medium wp-image-1414\" src=\"http:\/\/uar.es\/wp-content\/uploads\/2016\/03\/IMG-20160306-WA0002-169x300.jpg\" alt=\"IMG-20160306-WA0002\" width=\"169\" height=\"300\" srcset=\"https:\/\/uar.es\/wp-content\/uploads\/2016\/03\/IMG-20160306-WA0002-169x300.jpg 169w, https:\/\/uar.es\/wp-content\/uploads\/2016\/03\/IMG-20160306-WA0002.jpg 337w\" sizes=\"(max-width: 169px) 100vw, 169px\" \/><\/a><\/p>\n","protected":false},"excerpt":{"rendered":"<p>L\u2019estadi Carlos Gil P\u00e9rez de Salamanca ha estat la seu de la 40\u00aa edici\u00f3 del Campionat d\u2019Espanya Juvenil de Pista Coberta. En aquesta ocasi\u00f3 la representaci\u00f3 rubinenca estava a la prova de 200mll femenins. La Clara Egea, una vegada m\u00e9s, competia amb les millors velocistes estatals. La competici\u00f3 es va obrir dissabte pel mat\u00ed amb [&hellip;]<\/p>\n","protected":false},"author":4,"featured_media":0,"comment_status":"closed","ping_status":"closed","sticky":false,"template":"","format":"standard","meta":[],"categories":[2],"tags":[],"_links":{"self":[{"href":"https:\/\/uar.es\/index.php?rest_route=\/wp\/v2\/posts\/1413"}],"collection":[{"href":"https:\/\/uar.es\/index.php?rest_route=\/wp\/v2\/posts"}],"about":[{"href":"https:\/\/uar.es\/index.php?rest_route=\/wp\/v2\/types\/post"}],"author":[{"embeddable":true,"href":"https:\/\/uar.es\/index.php?rest_route=\/wp\/v2\/users\/4"}],"replies":[{"embeddable":true,"href":"https:\/\/uar.es\/index.php?rest_route=%2Fwp%2Fv2%2Fcomments&post=1413"}],"version-history":[{"count":1,"href":"https:\/\/uar.es\/index.php?rest_route=\/wp\/v2\/posts\/1413\/revisions"}],"predecessor-version":[{"id":1415,"href":"https:\/\/uar.es\/index.php?rest_route=\/wp\/v2\/posts\/1413\/revisions\/1415"}],"wp:attachment":[{"href":"https:\/\/uar.es\/index.php?rest_route=%2Fwp%2Fv2%2Fmedia&parent=1413"}],"wp:term":[{"taxonomy":"category","embeddable":true,"href":"https:\/\/uar.es\/index.php?rest_route=%2Fwp%2Fv2%2Fcategories&post=1413"},{"taxonomy":"post_tag","embeddable":true,"href":"https:\/\/uar.es\/index.php?rest_route=%2Fwp%2Fv2%2Ftags&post=1413"}],"curies":[{"name":"wp","href":"https:\/\/api.w.org\/{rel}","templated":true}]}}