{"id":1416,"date":"2016-03-07T14:48:54","date_gmt":"2016-03-07T12:48:54","guid":{"rendered":"http:\/\/uar.es\/?p=1416"},"modified":"2016-03-07T14:48:54","modified_gmt":"2016-03-07T12:48:54","slug":"campionat-de-catalunya-veterans-de-pista-coberta","status":"publish","type":"post","link":"https:\/\/uar.es\/?p=1416","title":{"rendered":"CAMPIONAT DE CATALUNYA VETERANS DE PISTA COBERTA"},"content":{"rendered":"<p style=\"text-align: justify;\">El Campionat de Catalunya de veterans de Pista Coberta ha tornat a demostrar el bon nivell dels \u00a0atletes de la Uni\u00f3 Atl\u00e8tica Rub\u00ed.<\/p>\n<p style=\"text-align: justify;\">Una vegada m\u00e9s l\u2019Ignasi Mel\u00f3 ha pujat a la posici\u00f3 m\u00e9s alta del p\u00f2dium als 3.000 marxa.\u00a0Amb una marca de 14\u201951\u201d68 s\u2019ha imposat a tots els seus rivals a la categoria de 60 a 64 anys.<\/p>\n<p style=\"text-align: justify;\">El Francisco Arag\u00f3n tamb\u00e9 ha demostrat el seu car\u00e0cter guanyador i s\u2019ha imposat en les dues proves en que participava.<\/p>\n<p style=\"text-align: justify;\">Els 3.000 metres llisos els ha guanyat amb una marca de 10\u201919\u201d94 i els 1.500mll han un registre de 5\u201900\u201d23. S\u2019ha mostrat com el gran dominador a les proves de fons de la categoria de 60 a 64 anys.<\/p>\n<p style=\"text-align: justify;\">En la categoria femenina s\u2019ha animat a pujar al p\u00f2dium la Tha\u00efs Montoya que ha aconseguit tres medalles en proves de velocitat.<\/p>\n<p style=\"text-align: justify;\">Pel mat\u00ed ha aconseguit un segon lloc al 60 metres tanques amb una marca de 11\u201d41 i una medalla de bronze en 60 metres llisos (8\u201d94). Per la tarda ha tornat a pujar al p\u00f2dium, en aquest cas la tercera posici\u00f3, als 200mll (30\u201d05).<\/p>\n<p style=\"text-align: justify;\">Enhorabona a tots tres i \u00e0nims per properes competicions.<\/p>\n<p style=\"text-align: justify;\"><a href=\"http:\/\/uar.es\/wp-content\/uploads\/2016\/03\/IMG-20160306-WA0003.jpg\"><img loading=\"lazy\" class=\"alignnone size-medium wp-image-1417\" src=\"http:\/\/uar.es\/wp-content\/uploads\/2016\/03\/IMG-20160306-WA0003-169x300.jpg\" alt=\"IMG-20160306-WA0003\" width=\"169\" height=\"300\" srcset=\"https:\/\/uar.es\/wp-content\/uploads\/2016\/03\/IMG-20160306-WA0003-169x300.jpg 169w, https:\/\/uar.es\/wp-content\/uploads\/2016\/03\/IMG-20160306-WA0003.jpg 337w\" sizes=\"(max-width: 169px) 100vw, 169px\" \/><\/a> <a href=\"http:\/\/uar.es\/wp-content\/uploads\/2016\/03\/IMG-20160306-WA0004.jpg\"><img loading=\"lazy\" class=\"alignnone size-medium wp-image-1418\" src=\"http:\/\/uar.es\/wp-content\/uploads\/2016\/03\/IMG-20160306-WA0004-225x300.jpg\" alt=\"IMG-20160306-WA0004\" width=\"225\" height=\"300\" srcset=\"https:\/\/uar.es\/wp-content\/uploads\/2016\/03\/IMG-20160306-WA0004-225x300.jpg 225w, https:\/\/uar.es\/wp-content\/uploads\/2016\/03\/IMG-20160306-WA0004.jpg 450w\" sizes=\"(max-width: 225px) 100vw, 225px\" \/><\/a><\/p>\n","protected":false},"excerpt":{"rendered":"<p>El Campionat de Catalunya de veterans de Pista Coberta ha tornat a demostrar el bon nivell dels \u00a0atletes de la Uni\u00f3 Atl\u00e8tica Rub\u00ed. Una vegada m\u00e9s l\u2019Ignasi Mel\u00f3 ha pujat a la posici\u00f3 m\u00e9s alta del p\u00f2dium als 3.000 marxa.\u00a0Amb una marca de 14\u201951\u201d68 s\u2019ha imposat a tots els seus rivals a la categoria de [&hellip;]<\/p>\n","protected":false},"author":4,"featured_media":0,"comment_status":"closed","ping_status":"closed","sticky":false,"template":"","format":"standard","meta":[],"categories":[2],"tags":[],"_links":{"self":[{"href":"https:\/\/uar.es\/index.php?rest_route=\/wp\/v2\/posts\/1416"}],"collection":[{"href":"https:\/\/uar.es\/index.php?rest_route=\/wp\/v2\/posts"}],"about":[{"href":"https:\/\/uar.es\/index.php?rest_route=\/wp\/v2\/types\/post"}],"author":[{"embeddable":true,"href":"https:\/\/uar.es\/index.php?rest_route=\/wp\/v2\/users\/4"}],"replies":[{"embeddable":true,"href":"https:\/\/uar.es\/index.php?rest_route=%2Fwp%2Fv2%2Fcomments&post=1416"}],"version-history":[{"count":1,"href":"https:\/\/uar.es\/index.php?rest_route=\/wp\/v2\/posts\/1416\/revisions"}],"predecessor-version":[{"id":1419,"href":"https:\/\/uar.es\/index.php?rest_route=\/wp\/v2\/posts\/1416\/revisions\/1419"}],"wp:attachment":[{"href":"https:\/\/uar.es\/index.php?rest_route=%2Fwp%2Fv2%2Fmedia&parent=1416"}],"wp:term":[{"taxonomy":"category","embeddable":true,"href":"https:\/\/uar.es\/index.php?rest_route=%2Fwp%2Fv2%2Fcategories&post=1416"},{"taxonomy":"post_tag","embeddable":true,"href":"https:\/\/uar.es\/index.php?rest_route=%2Fwp%2Fv2%2Ftags&post=1416"}],"curies":[{"name":"wp","href":"https:\/\/api.w.org\/{rel}","templated":true}]}}