{"id":1424,"date":"2016-03-16T09:07:56","date_gmt":"2016-03-16T07:07:56","guid":{"rendered":"http:\/\/uar.es\/?p=1424"},"modified":"2016-03-16T09:07:56","modified_gmt":"2016-03-16T07:07:56","slug":"campionat-de-catalunya-infantil-de-pista-coberta","status":"publish","type":"post","link":"https:\/\/uar.es\/?p=1424","title":{"rendered":"CAMPIONAT DE CATALUNYA INFANTIL DE PISTA COBERTA"},"content":{"rendered":"<p>La Dami, representant la U.A.Rub\u00ed, \u00a0va fer una excel\u00b7lent actuaci\u00f3 al Campionat de Catalunya de la seva categoria.<\/p>\n<p>L&#8217;atleta rubinenca que participava al salt d&#8217;al\u00e7ada va aconseguir pujar a la segona posici\u00f3 del p\u00f2dium i penjar-se la medalla d&#8217;argent en un concurs for\u00e7a disputat.<\/p>\n<p>La Dami va patir per poder superar el 1&#8217;40, per\u00f2 despr\u00e9s va passar el llist\u00f3 a la primera tentativa en 1&#8217;43.<\/p>\n<p>Amb aquest salt havia superat la seva millor marca personal i el fet fer-ho en el primer intent la va impulsar a aconseguir la medalla d&#8217;argent, ja que la tercera classificada tamb\u00e9 va passar aquesta al\u00e7ada per\u00f2 en una tentativa posterior.<\/p>\n<p>Enhorabona i felicitacions per la gran actuaci\u00f3 realitzada.<\/p>\n<p><a href=\"http:\/\/uar.es\/wp-content\/uploads\/2016\/03\/IMG-20160316-WA0000.jpg\"><img loading=\"lazy\" class=\"alignnone size-medium wp-image-1431\" src=\"http:\/\/uar.es\/wp-content\/uploads\/2016\/03\/IMG-20160316-WA0000-225x300.jpg\" alt=\"IMG-20160316-WA0000\" width=\"225\" height=\"300\" srcset=\"https:\/\/uar.es\/wp-content\/uploads\/2016\/03\/IMG-20160316-WA0000-225x300.jpg 225w, https:\/\/uar.es\/wp-content\/uploads\/2016\/03\/IMG-20160316-WA0000.jpg 450w\" sizes=\"(max-width: 225px) 100vw, 225px\" \/><\/a> <a href=\"http:\/\/uar.es\/wp-content\/uploads\/2016\/03\/IMG-20160316-WA0001.jpg\"><img loading=\"lazy\" class=\"alignnone size-medium wp-image-1432\" src=\"http:\/\/uar.es\/wp-content\/uploads\/2016\/03\/IMG-20160316-WA0001-225x300.jpg\" alt=\"IMG-20160316-WA0001\" width=\"225\" height=\"300\" srcset=\"https:\/\/uar.es\/wp-content\/uploads\/2016\/03\/IMG-20160316-WA0001-225x300.jpg 225w, https:\/\/uar.es\/wp-content\/uploads\/2016\/03\/IMG-20160316-WA0001.jpg 450w\" sizes=\"(max-width: 225px) 100vw, 225px\" \/><\/a><\/p>\n","protected":false},"excerpt":{"rendered":"<p>La Dami, representant la U.A.Rub\u00ed, \u00a0va fer una excel\u00b7lent actuaci\u00f3 al Campionat de Catalunya de la seva categoria. L&#8217;atleta rubinenca que participava al salt d&#8217;al\u00e7ada va aconseguir pujar a la segona posici\u00f3 del p\u00f2dium i penjar-se la medalla d&#8217;argent en un concurs for\u00e7a disputat. La Dami va patir per poder superar el 1&#8217;40, per\u00f2 despr\u00e9s [&hellip;]<\/p>\n","protected":false},"author":4,"featured_media":0,"comment_status":"closed","ping_status":"closed","sticky":false,"template":"","format":"standard","meta":[],"categories":[2],"tags":[],"_links":{"self":[{"href":"https:\/\/uar.es\/index.php?rest_route=\/wp\/v2\/posts\/1424"}],"collection":[{"href":"https:\/\/uar.es\/index.php?rest_route=\/wp\/v2\/posts"}],"about":[{"href":"https:\/\/uar.es\/index.php?rest_route=\/wp\/v2\/types\/post"}],"author":[{"embeddable":true,"href":"https:\/\/uar.es\/index.php?rest_route=\/wp\/v2\/users\/4"}],"replies":[{"embeddable":true,"href":"https:\/\/uar.es\/index.php?rest_route=%2Fwp%2Fv2%2Fcomments&post=1424"}],"version-history":[{"count":1,"href":"https:\/\/uar.es\/index.php?rest_route=\/wp\/v2\/posts\/1424\/revisions"}],"predecessor-version":[{"id":1433,"href":"https:\/\/uar.es\/index.php?rest_route=\/wp\/v2\/posts\/1424\/revisions\/1433"}],"wp:attachment":[{"href":"https:\/\/uar.es\/index.php?rest_route=%2Fwp%2Fv2%2Fmedia&parent=1424"}],"wp:term":[{"taxonomy":"category","embeddable":true,"href":"https:\/\/uar.es\/index.php?rest_route=%2Fwp%2Fv2%2Fcategories&post=1424"},{"taxonomy":"post_tag","embeddable":true,"href":"https:\/\/uar.es\/index.php?rest_route=%2Fwp%2Fv2%2Ftags&post=1424"}],"curies":[{"name":"wp","href":"https:\/\/api.w.org\/{rel}","templated":true}]}}