{"id":1434,"date":"2016-03-16T09:29:10","date_gmt":"2016-03-16T07:29:10","guid":{"rendered":"http:\/\/uar.es\/?p=1434"},"modified":"2016-03-16T09:29:10","modified_gmt":"2016-03-16T07:29:10","slug":"campionat-despanya-cadet-de-pista-coberta","status":"publish","type":"post","link":"https:\/\/uar.es\/?p=1434","title":{"rendered":"CAMPIONAT D&#8217;ESPANYA CADET DE PISTA COBERTA"},"content":{"rendered":"<p style=\"text-align: justify;\">El passat cap de setmana es va celebrar a la ciutat asturiana d&#8217;Oviedo el Campionat d&#8217;Espanya de Pista Coberta de la categoria cadet,<\/p>\n<p style=\"text-align: justify;\">Fins all\u00e0 es va despla\u00e7ar la representaci\u00f3 rubinenca que va intervenir activament en el campionat durant tot el cap de setmana.<\/p>\n<p style=\"text-align: justify;\">El Jan Badia participava el dissabte per la tarda a la semifinal de \u00a0600mll. El rubinenc va estar molt a prop de la seva millor marca amb un temps de 1&#8217;31&#8243;34 i va entrar en sisena posici\u00f3.<\/p>\n<p style=\"text-align: justify;\">El David Jim\u00e9nez havia aconseguit m\u00ednima en dues proves els 60mll i el triple salt. En 60mll va aconseguir la classificaci\u00f3 per les semifinals al entrar quart de la seve s\u00e8rie amb un temps de 7&#8243;60. A la tercera de les semifinals va realitzar un temps de 7&#8243;64 i no va poder passar a la final.<\/p>\n<p style=\"text-align: justify;\">A la prova de triple salt va aconseguir un registre de 11&#8217;61 que li valia per acabar 16\u00e8.<\/p>\n<p style=\"text-align: justify;\">L&#8217;Adri\u00e0 Navaj\u00f3n va participar a les sessions de dissabte i diumenge, ja que va triar participar en proves combinades. La seva participaci\u00f3 va ser for\u00e7a regular i aix\u00f2 li va ajudar millorar la seva marca personal (3.618 punts). Amb aquesta marca el rubinenc aconseguia la cinquena posici\u00f3 a la classificaci\u00f3 final.<\/p>\n<p style=\"text-align: justify;\">El resum de les seves marques \u00e9s el seg\u00fcent:<\/p>\n<p style=\"text-align: justify;\">60mll (7&#8243;75)-Llargada (5&#8217;73) -Pes (10&#8217;18)-Al\u00e7ada (1&#8217;71)-60mt(9&#8243;03)-1.000mll (2&#8217;59&#8243;58).<\/p>\n<p style=\"text-align: justify;\">Enhorabona a tots els atletes, a les seves entrenadores i als familiars que van acompanyar-los en tot moment.<\/p>\n<p style=\"text-align: justify;\"><a href=\"http:\/\/uar.es\/wp-content\/uploads\/2016\/03\/IMG-20160314-WA0004.jpg\"><img loading=\"lazy\" class=\"alignnone size-medium wp-image-1430\" src=\"http:\/\/uar.es\/wp-content\/uploads\/2016\/03\/IMG-20160314-WA0004-300x200.jpg\" alt=\"IMG-20160314-WA0004\" width=\"300\" height=\"200\" srcset=\"https:\/\/uar.es\/wp-content\/uploads\/2016\/03\/IMG-20160314-WA0004-300x200.jpg 300w, https:\/\/uar.es\/wp-content\/uploads\/2016\/03\/IMG-20160314-WA0004-500x333.jpg 500w, https:\/\/uar.es\/wp-content\/uploads\/2016\/03\/IMG-20160314-WA0004.jpg 600w\" sizes=\"(max-width: 300px) 100vw, 300px\" \/><\/a> <a href=\"http:\/\/uar.es\/wp-content\/uploads\/2016\/03\/IMG-20160314-WA0003.jpg\"><img loading=\"lazy\" class=\"alignnone size-medium wp-image-1429\" src=\"http:\/\/uar.es\/wp-content\/uploads\/2016\/03\/IMG-20160314-WA0003-300x200.jpg\" alt=\"IMG-20160314-WA0003\" width=\"300\" height=\"200\" srcset=\"https:\/\/uar.es\/wp-content\/uploads\/2016\/03\/IMG-20160314-WA0003-300x200.jpg 300w, https:\/\/uar.es\/wp-content\/uploads\/2016\/03\/IMG-20160314-WA0003-500x333.jpg 500w, https:\/\/uar.es\/wp-content\/uploads\/2016\/03\/IMG-20160314-WA0003.jpg 600w\" sizes=\"(max-width: 300px) 100vw, 300px\" \/><\/a> <a href=\"http:\/\/uar.es\/wp-content\/uploads\/2016\/03\/IMG-20160314-WA0002.jpg\"><img loading=\"lazy\" class=\"alignnone size-medium wp-image-1428\" src=\"http:\/\/uar.es\/wp-content\/uploads\/2016\/03\/IMG-20160314-WA0002-300x200.jpg\" alt=\"IMG-20160314-WA0002\" width=\"300\" height=\"200\" srcset=\"https:\/\/uar.es\/wp-content\/uploads\/2016\/03\/IMG-20160314-WA0002-300x200.jpg 300w, https:\/\/uar.es\/wp-content\/uploads\/2016\/03\/IMG-20160314-WA0002-500x333.jpg 500w, https:\/\/uar.es\/wp-content\/uploads\/2016\/03\/IMG-20160314-WA0002.jpg 600w\" sizes=\"(max-width: 300px) 100vw, 300px\" \/><\/a> <a href=\"http:\/\/uar.es\/wp-content\/uploads\/2016\/03\/IMG-20160313-WA0005.jpg\"><img loading=\"lazy\" class=\"alignnone size-medium wp-image-1425\" src=\"http:\/\/uar.es\/wp-content\/uploads\/2016\/03\/IMG-20160313-WA0005-225x300.jpg\" alt=\"IMG-20160313-WA0005\" width=\"225\" height=\"300\" srcset=\"https:\/\/uar.es\/wp-content\/uploads\/2016\/03\/IMG-20160313-WA0005-225x300.jpg 225w, https:\/\/uar.es\/wp-content\/uploads\/2016\/03\/IMG-20160313-WA0005.jpg 450w\" sizes=\"(max-width: 225px) 100vw, 225px\" \/><\/a> <a href=\"http:\/\/uar.es\/wp-content\/uploads\/2016\/03\/IMG-20160314-WA0000.jpg\"><img loading=\"lazy\" class=\"alignnone size-medium wp-image-1426\" src=\"http:\/\/uar.es\/wp-content\/uploads\/2016\/03\/IMG-20160314-WA0000-300x200.jpg\" alt=\"IMG-20160314-WA0000\" width=\"300\" height=\"200\" srcset=\"https:\/\/uar.es\/wp-content\/uploads\/2016\/03\/IMG-20160314-WA0000-300x200.jpg 300w, https:\/\/uar.es\/wp-content\/uploads\/2016\/03\/IMG-20160314-WA0000-500x333.jpg 500w, https:\/\/uar.es\/wp-content\/uploads\/2016\/03\/IMG-20160314-WA0000.jpg 600w\" sizes=\"(max-width: 300px) 100vw, 300px\" \/><\/a> <a href=\"http:\/\/uar.es\/wp-content\/uploads\/2016\/03\/IMG-20160314-WA0001.jpg\"><img loading=\"lazy\" class=\"alignnone size-medium wp-image-1427\" src=\"http:\/\/uar.es\/wp-content\/uploads\/2016\/03\/IMG-20160314-WA0001-300x200.jpg\" alt=\"IMG-20160314-WA0001\" width=\"300\" height=\"200\" srcset=\"https:\/\/uar.es\/wp-content\/uploads\/2016\/03\/IMG-20160314-WA0001-300x200.jpg 300w, https:\/\/uar.es\/wp-content\/uploads\/2016\/03\/IMG-20160314-WA0001-500x333.jpg 500w, https:\/\/uar.es\/wp-content\/uploads\/2016\/03\/IMG-20160314-WA0001.jpg 600w\" sizes=\"(max-width: 300px) 100vw, 300px\" \/><\/a><\/p>\n<p style=\"text-align: justify;\">\n","protected":false},"excerpt":{"rendered":"<p>El passat cap de setmana es va celebrar a la ciutat asturiana d&#8217;Oviedo el Campionat d&#8217;Espanya de Pista Coberta de la categoria cadet, Fins all\u00e0 es va despla\u00e7ar la representaci\u00f3 rubinenca que va intervenir activament en el campionat durant tot el cap de setmana. El Jan Badia participava el dissabte per la tarda a la [&hellip;]<\/p>\n","protected":false},"author":4,"featured_media":0,"comment_status":"closed","ping_status":"closed","sticky":false,"template":"","format":"standard","meta":[],"categories":[2],"tags":[],"_links":{"self":[{"href":"https:\/\/uar.es\/index.php?rest_route=\/wp\/v2\/posts\/1434"}],"collection":[{"href":"https:\/\/uar.es\/index.php?rest_route=\/wp\/v2\/posts"}],"about":[{"href":"https:\/\/uar.es\/index.php?rest_route=\/wp\/v2\/types\/post"}],"author":[{"embeddable":true,"href":"https:\/\/uar.es\/index.php?rest_route=\/wp\/v2\/users\/4"}],"replies":[{"embeddable":true,"href":"https:\/\/uar.es\/index.php?rest_route=%2Fwp%2Fv2%2Fcomments&post=1434"}],"version-history":[{"count":1,"href":"https:\/\/uar.es\/index.php?rest_route=\/wp\/v2\/posts\/1434\/revisions"}],"predecessor-version":[{"id":1435,"href":"https:\/\/uar.es\/index.php?rest_route=\/wp\/v2\/posts\/1434\/revisions\/1435"}],"wp:attachment":[{"href":"https:\/\/uar.es\/index.php?rest_route=%2Fwp%2Fv2%2Fmedia&parent=1434"}],"wp:term":[{"taxonomy":"category","embeddable":true,"href":"https:\/\/uar.es\/index.php?rest_route=%2Fwp%2Fv2%2Fcategories&post=1434"},{"taxonomy":"post_tag","embeddable":true,"href":"https:\/\/uar.es\/index.php?rest_route=%2Fwp%2Fv2%2Ftags&post=1434"}],"curies":[{"name":"wp","href":"https:\/\/api.w.org\/{rel}","templated":true}]}}