{"id":1437,"date":"2016-03-17T14:09:55","date_gmt":"2016-03-17T12:09:55","guid":{"rendered":"http:\/\/uar.es\/?p=1437"},"modified":"2016-03-17T14:09:55","modified_gmt":"2016-03-17T12:09:55","slug":"campionat-despanya-junior-en-pista-coberta","status":"publish","type":"post","link":"https:\/\/uar.es\/?p=1437","title":{"rendered":"CAMPIONAT D&#8217;ESPANYA J\u00daNIOR EN PISTA COBERTA"},"content":{"rendered":"<p style=\"text-align: justify;\">La p\u00e0gina web de la federaci\u00f3 catalana d&#8217;atletisme presenta el Campionat d&#8217;Espanya J\u00fanior de Pista coberta i destaca la participaci\u00f3 de dos de atletes rubinencs(Iker G\u00f3mez i l&#8217;\u00c8ric P\u00e9rez).\u00a0Al campionat tamb\u00e9 participar\u00e0 la Laura Domingo \u00a0a la prova de 400mll.<\/p>\n<p style=\"text-align: justify;\">L&#8217;\u00c8ric i la Laura a banda d&#8217;atletes s\u00f3n monitors i per tant tenen una relaci\u00f3 molt pr\u00f2xima amb molts dels joves de l&#8217;escola, per aix\u00f2\u00a0volem convidar a tothom a apropar-se a la pista coberta de Sabadell. Podreu gaudir d&#8217;una campionat d&#8217;alt nivell amb els m\u00e9s joves i ells agrairan els vostres \u00e0nims i tot el recoltzament que els hi pugueu donar .<\/p>\n<p style=\"text-align: justify;\">\u00c9s tot un orgull poder comptar amb ells al nostre club.<\/p>\n<p style=\"text-align: justify;\">NOTA DE LA FEDERACI\u00d3 CATALANA D&#8217;ATLETISME:<\/p>\n<p><strong><a href=\"http:\/\/www.fcatletisme.cat\/Noticies\/2016-imatges\/pc_juniorG.jpg\" target=\"_blank\"><img loading=\"lazy\" src=\"http:\/\/www.fcatletisme.cat\/Noticies\/2016-imatges\/pc_juniorG.jpg\" alt=\"\" width=\"182\" height=\"254\" align=\"left\" border=\"0\" hspace=\"3\" vspace=\"3\" \/><\/a><\/strong>El proper cap de setmana, 19 i 20 de mar\u00e7, se celebrar\u00e0 l&#8217;edici\u00f3 n\u00famero quaranta-tres del Campionat d&#8217;Espanya J\u00fanior a la Pista Coberta de Catalunya a Sabadell. Prop d&#8217;un centenar d&#8217;atletes catalans participaran en la lluita per a aconseguir el t\u00edtol estatal de la categoria.<br \/>\nAquesta ser\u00e0 la tercera vegada que la ciutat de Sabadell acull aquest campionat de la categoria j\u00fanior, ja que l\u2019edici\u00f3 de 1973 es va celebrar a l\u2019antiga pista del Pavell\u00f3 Municipal de Sabadell, i ja a la Pista Coberta de Catalunya l\u2019edici\u00f3 de 2011. Una instal\u00b7laci\u00f3 que des de la seva inauguraci\u00f3 l\u2019any 2010, ha acollit cada any un esdeveniment estatal com els campionats absoluts els anys 2012, 13 i 14, i el campionat cadet l\u2019any 2015.<br \/>\nDe la representaci\u00f3 catalana podem destacar la pres\u00e8ncia d&#8217;atletes com <strong>Oriol Mad\u00ed<\/strong> (CA Sant Celoni) i <strong>Joel Ferrando<\/strong> (FCB) als 200 metres, <strong>Iker G\u00f3mez<\/strong> (UA Rub\u00ed) als 400 m, <strong>Alexis Rodr\u00edguez<\/strong> (FCA) als 3.000 m, <strong>Jan Sans<\/strong> (CA Tarragona), <strong>Pau Aragon\u00e9s<\/strong> (AAC), <strong>Marc Gale<\/strong> (Cornell\u00e0 At), <strong>Gerard P\u00e9rez<\/strong> (PdC) i <strong>Eric P\u00e9rez<\/strong> (UA Rub\u00ed) als 60 m tanques, <strong>Eduard F\u00e0bregas<\/strong> (CA Igualada) i <strong>Xesc Tresens<\/strong> (U Colomenca At) en salt d&#8217;al\u00e7ada,<strong>Noel del Cerro<\/strong> (FCB), <strong>Victor Coll<\/strong> (FCB) i <strong>Nahuel A. Rusafa<\/strong> (JAS) en perxa, <strong>Aleix Mart\u00edn<\/strong> (CA Igualada) en llargada i <strong>Ramon Ad\u00e0lia<\/strong> (FCB) en triple salt.<br \/>\nEn dones podem destacar a <strong>Ingrid Andr\u00e9s<\/strong> (FCB) als 200 metres, <strong>Sara Dorda<\/strong> (AAC) als 400 m i <strong>Sheila Garc\u00eda<\/strong> (CA Igualada) en salt de llargada.<\/p>\n","protected":false},"excerpt":{"rendered":"<p>La p\u00e0gina web de la federaci\u00f3 catalana d&#8217;atletisme presenta el Campionat d&#8217;Espanya J\u00fanior de Pista coberta i destaca la participaci\u00f3 de dos de atletes rubinencs(Iker G\u00f3mez i l&#8217;\u00c8ric P\u00e9rez).\u00a0Al campionat tamb\u00e9 participar\u00e0 la Laura Domingo \u00a0a la prova de 400mll. L&#8217;\u00c8ric i la Laura a banda d&#8217;atletes s\u00f3n monitors i per tant tenen una relaci\u00f3 [&hellip;]<\/p>\n","protected":false},"author":4,"featured_media":0,"comment_status":"closed","ping_status":"closed","sticky":false,"template":"","format":"standard","meta":[],"categories":[2],"tags":[],"_links":{"self":[{"href":"https:\/\/uar.es\/index.php?rest_route=\/wp\/v2\/posts\/1437"}],"collection":[{"href":"https:\/\/uar.es\/index.php?rest_route=\/wp\/v2\/posts"}],"about":[{"href":"https:\/\/uar.es\/index.php?rest_route=\/wp\/v2\/types\/post"}],"author":[{"embeddable":true,"href":"https:\/\/uar.es\/index.php?rest_route=\/wp\/v2\/users\/4"}],"replies":[{"embeddable":true,"href":"https:\/\/uar.es\/index.php?rest_route=%2Fwp%2Fv2%2Fcomments&post=1437"}],"version-history":[{"count":1,"href":"https:\/\/uar.es\/index.php?rest_route=\/wp\/v2\/posts\/1437\/revisions"}],"predecessor-version":[{"id":1438,"href":"https:\/\/uar.es\/index.php?rest_route=\/wp\/v2\/posts\/1437\/revisions\/1438"}],"wp:attachment":[{"href":"https:\/\/uar.es\/index.php?rest_route=%2Fwp%2Fv2%2Fmedia&parent=1437"}],"wp:term":[{"taxonomy":"category","embeddable":true,"href":"https:\/\/uar.es\/index.php?rest_route=%2Fwp%2Fv2%2Fcategories&post=1437"},{"taxonomy":"post_tag","embeddable":true,"href":"https:\/\/uar.es\/index.php?rest_route=%2Fwp%2Fv2%2Ftags&post=1437"}],"curies":[{"name":"wp","href":"https:\/\/api.w.org\/{rel}","templated":true}]}}