{"id":1479,"date":"2016-04-25T14:15:09","date_gmt":"2016-04-25T12:15:09","guid":{"rendered":"http:\/\/uar.es\/?p=1479"},"modified":"2016-05-09T17:21:12","modified_gmt":"2016-05-09T15:21:12","slug":"final-campionat-catalunya-de-clubs","status":"publish","type":"post","link":"https:\/\/uar.es\/?p=1479","title":{"rendered":"FINAL CAMPIONAT CATALUNYA DE CLUBS"},"content":{"rendered":"<p>El passat diumenge \u00a0a les pistes de Matar\u00f3 es va disputar la final C del Campionat de Catalunya de Clubs. Una jornada molt ben organitzada pel club Llu\u00efsos-Matar\u00f3 on es disputaven totes les disciplines del format Lliga.<\/p>\n<p>La competici\u00f3 va ser for\u00e7a emocionant , per la igualtat entre tots els equips, i nom\u00e9s dos punts van separar al guanyador el Club Atletisme Granollers (183,5p) del segon classificat el C.A.Vic (181,5). La U.A. Rub\u00ed va acabar en\u00a0 cinquena posici\u00f3 (174p), nom\u00e9s a 2.5 del quart la U.A.Barber\u00e0 i 3.5 del tercer el Gav\u00e0.<\/p>\n<p>Les abs\u00e8ncies van penalitzar molt el resultat global i nom\u00e9s el bon nivell dels rubinencs participants van mantenir la disputa fins al final.<\/p>\n<p>Destacar les vict\u00f2ries individuals de l\u2019Arnau Marco als 100mll (11\u201d66), Iker G\u00f3mez als 400mll (50\u201d21), Ignasi Melo a la marxa (25\u201926\u201d81) i del relleu 4*400 realitzat per Guillem O., Iker G., Oriol B. i Ferran M. (3\u201928\u201d22). La marca del\u00a0relleu 4*400 mascul\u00ed suposa un nou r\u00e8cord del club.<\/p>\n<p>En categoria femenina la Clara Egea a 200mll (27\u201d45), la Laia Saumell (1\u201904\u201d46) i el relleu 4*400 format per Clara E., Laia S., Ester V. i Laura D. (4\u201913\u201d11).<\/p>\n<p>Tamb\u00e9 es van aconseguir nombroses segones posicions com les de martell (Adrea Le\u00f3n i Josep Lluis Amador),llargada (Andrea Arjona i Ferran Merino), 400 metres tanques (Oriol Bravo).<\/p>\n<p>Felicitacions a tots\/es i gr\u00e0cies pel vostre comprom\u00eds.<\/p>\n<p><a href=\"http:\/\/uar.es\/wp-content\/uploads\/2016\/04\/DSC8956.jpg\"><img loading=\"lazy\" class=\"alignnone size-medium wp-image-1480\" src=\"http:\/\/uar.es\/wp-content\/uploads\/2016\/04\/DSC8956-300x199.jpg\" alt=\"_DSC8956\" width=\"300\" height=\"199\" srcset=\"https:\/\/uar.es\/wp-content\/uploads\/2016\/04\/DSC8956-300x199.jpg 300w, https:\/\/uar.es\/wp-content\/uploads\/2016\/04\/DSC8956-500x332.jpg 500w, https:\/\/uar.es\/wp-content\/uploads\/2016\/04\/DSC8956.jpg 600w\" sizes=\"(max-width: 300px) 100vw, 300px\" \/><\/a><\/p>\n<p>Podeu veure un extens reportatge fotogr\u00e0fic de la jornada a la seg\u00fcent adre\u00e7a: <a href=\"https:\/\/www.flickr.com\/photos\/129797270@N02\/sets\/72157667458892446\/\">https:\/\/www.flickr.com\/photos\/129797270@N02\/sets\/72157667458892446\/<\/a><\/p>\n","protected":false},"excerpt":{"rendered":"<p>El passat diumenge \u00a0a les pistes de Matar\u00f3 es va disputar la final C del Campionat de Catalunya de Clubs. Una jornada molt ben organitzada pel club Llu\u00efsos-Matar\u00f3 on es disputaven totes les disciplines del format Lliga. La competici\u00f3 va ser for\u00e7a emocionant , per la igualtat entre tots els equips, i nom\u00e9s dos punts [&hellip;]<\/p>\n","protected":false},"author":4,"featured_media":0,"comment_status":"closed","ping_status":"closed","sticky":false,"template":"","format":"standard","meta":[],"categories":[2],"tags":[],"_links":{"self":[{"href":"https:\/\/uar.es\/index.php?rest_route=\/wp\/v2\/posts\/1479"}],"collection":[{"href":"https:\/\/uar.es\/index.php?rest_route=\/wp\/v2\/posts"}],"about":[{"href":"https:\/\/uar.es\/index.php?rest_route=\/wp\/v2\/types\/post"}],"author":[{"embeddable":true,"href":"https:\/\/uar.es\/index.php?rest_route=\/wp\/v2\/users\/4"}],"replies":[{"embeddable":true,"href":"https:\/\/uar.es\/index.php?rest_route=%2Fwp%2Fv2%2Fcomments&post=1479"}],"version-history":[{"count":5,"href":"https:\/\/uar.es\/index.php?rest_route=\/wp\/v2\/posts\/1479\/revisions"}],"predecessor-version":[{"id":1490,"href":"https:\/\/uar.es\/index.php?rest_route=\/wp\/v2\/posts\/1479\/revisions\/1490"}],"wp:attachment":[{"href":"https:\/\/uar.es\/index.php?rest_route=%2Fwp%2Fv2%2Fmedia&parent=1479"}],"wp:term":[{"taxonomy":"category","embeddable":true,"href":"https:\/\/uar.es\/index.php?rest_route=%2Fwp%2Fv2%2Fcategories&post=1479"},{"taxonomy":"post_tag","embeddable":true,"href":"https:\/\/uar.es\/index.php?rest_route=%2Fwp%2Fv2%2Ftags&post=1479"}],"curies":[{"name":"wp","href":"https:\/\/api.w.org\/{rel}","templated":true}]}}