{"id":1503,"date":"2016-05-18T07:55:46","date_gmt":"2016-05-18T05:55:46","guid":{"rendered":"http:\/\/uar.es\/?p=1503"},"modified":"2016-05-18T07:56:40","modified_gmt":"2016-05-18T05:56:40","slug":"conferencia-sobre-dietetica-i-nutricio","status":"publish","type":"post","link":"https:\/\/uar.es\/?p=1503","title":{"rendered":"CONFER\u00c8NCIA SOBRE DIET\u00c8TICA I NUTRICI\u00d3"},"content":{"rendered":"<p style=\"text-align: justify;\">Confer\u00e8ncia sobre diet\u00e8tica i nutrici\u00f3 per a joves esportistes, a\u00a0c\u00e0rrec de la <strong>Meritxell Mu\u00f1oz<\/strong>.<\/p>\n<p style=\"text-align: justify;\">El proper dimarts 24 de maig de 2016 es far\u00e0 la\u00a0 I Jornada\u00a0 sobre la nutrici\u00f3 esportiva per a nens i joves\u00a0 a c\u00e0rrec de la<strong> Meritxell Mu\u00f1oz<\/strong> ( Dietista ) al restaurant Can Rec\u00f3 de Can Ros\u00e9s a davant de les pistes d&#8217; atletisme.<\/p>\n<p style=\"text-align: justify;\">Desitgem una bona participaci\u00f3 per part de tots i a on podrem participar i aclarir moltes dubtes aix\u00ed com establir petites\u00a0 pautes que ens\u00a0 poden ajudar molt en el dia a dia.<\/p>\n<p style=\"text-align: justify;\"><a href=\"http:\/\/uar.es\/wp-content\/uploads\/2016\/05\/BIDONS-AIGUA-1.jpg\"><img loading=\"lazy\" class=\"aligncenter wp-image-1504 size-medium\" src=\"http:\/\/uar.es\/wp-content\/uploads\/2016\/05\/BIDONS-AIGUA-1-300x287.jpg\" alt=\"BIDONS AIGUA 1\" width=\"300\" height=\"287\" \/><\/a><\/p>\n","protected":false},"excerpt":{"rendered":"<p>Confer\u00e8ncia sobre diet\u00e8tica i nutrici\u00f3 per a joves esportistes, a\u00a0c\u00e0rrec de la Meritxell Mu\u00f1oz. El proper dimarts 24 de maig de 2016 es far\u00e0 la\u00a0 I Jornada\u00a0 sobre la nutrici\u00f3 esportiva per a nens i joves\u00a0 a c\u00e0rrec de la Meritxell Mu\u00f1oz ( Dietista ) al restaurant Can Rec\u00f3 de Can Ros\u00e9s a davant de [&hellip;]<\/p>\n","protected":false},"author":6,"featured_media":0,"comment_status":"closed","ping_status":"closed","sticky":false,"template":"","format":"standard","meta":[],"categories":[2],"tags":[],"_links":{"self":[{"href":"https:\/\/uar.es\/index.php?rest_route=\/wp\/v2\/posts\/1503"}],"collection":[{"href":"https:\/\/uar.es\/index.php?rest_route=\/wp\/v2\/posts"}],"about":[{"href":"https:\/\/uar.es\/index.php?rest_route=\/wp\/v2\/types\/post"}],"author":[{"embeddable":true,"href":"https:\/\/uar.es\/index.php?rest_route=\/wp\/v2\/users\/6"}],"replies":[{"embeddable":true,"href":"https:\/\/uar.es\/index.php?rest_route=%2Fwp%2Fv2%2Fcomments&post=1503"}],"version-history":[{"count":2,"href":"https:\/\/uar.es\/index.php?rest_route=\/wp\/v2\/posts\/1503\/revisions"}],"predecessor-version":[{"id":1506,"href":"https:\/\/uar.es\/index.php?rest_route=\/wp\/v2\/posts\/1503\/revisions\/1506"}],"wp:attachment":[{"href":"https:\/\/uar.es\/index.php?rest_route=%2Fwp%2Fv2%2Fmedia&parent=1503"}],"wp:term":[{"taxonomy":"category","embeddable":true,"href":"https:\/\/uar.es\/index.php?rest_route=%2Fwp%2Fv2%2Fcategories&post=1503"},{"taxonomy":"post_tag","embeddable":true,"href":"https:\/\/uar.es\/index.php?rest_route=%2Fwp%2Fv2%2Ftags&post=1503"}],"curies":[{"name":"wp","href":"https:\/\/api.w.org\/{rel}","templated":true}]}}