{"id":151,"date":"2013-06-03T18:37:32","date_gmt":"2013-06-03T17:37:32","guid":{"rendered":"http:\/\/test.uar.es\/?p=151"},"modified":"2013-07-15T18:37:59","modified_gmt":"2013-07-15T17:37:59","slug":"campionat-de-catalunya-aire-lliure","status":"publish","type":"post","link":"https:\/\/uar.es\/?p=151","title":{"rendered":"CAMPIONAT DE CATALUNYA AIRE LLIURE"},"content":{"rendered":"<p>Aquest cap de setmana s&#8217;ha celebrat a la ciutat d&#8217;Igualada el Campionat de Catalunya a l&#8217;Aire Lliure de les categories Juvenil, J\u00fanior i Promesa de la temporada 2012-13.<\/p>\n<p>En aquesta edici\u00f3, el Campionat ha estat caracteritzat pel constant aire que ha bufat sense parar tant a les curses de dissabte com a les de diumenge, cosa que ha desllu\u00eft una mica els resultats.<\/p>\n<p>Dels atletes de la Uni\u00f3 Atl\u00e8tica Rub\u00ed cal destacar la quarta posici\u00f3 en 2.000 metres obstacles de Miquel Egea.\u00a0 L&#8217;atleta rubinenc\u00a0 ha fet una magn\u00edfica carrera i ha millorat 11&#8243; la seva millor marca en aquesta disciplina amb un de temps de 6&#8217;31&#8243;18. L&#8217;Eduard Morales va ser des\u00e8 en la mateixa prova amb un temps de 6&#8217;59&#8243;50.<\/p>\n<p>El David Guerrero ha fet una actuaci\u00f3 molt bona a les dues proves de velocitat en categoria promesa i ha obtingut la cinquena posici\u00f3 a la prova de 200mll (23&#8243;27) i ha estat sis\u00e8 a l&#8217;hect\u00f2metre (11&#8243;79).<\/p>\n<p>La Laura Domingo ha tingut un protagonisme similar a la categoria femenina. A l&#8217;hect\u00f2metre ha estat setena (13&#8243;27) i sisena al doble hect\u00f2metre\u00a0 amb 26&#8243;95, la seva millor marca personal i marca m\u00ednima que la classifica pel campionat d&#8217;Espanya Juvenil.<\/p>\n<p>Tamb\u00e9 ha competit, sense arribar a la final, l&#8217;Oriol Bravo a la prova de 400 m tanques amb un registre de 1&#8217;00&#8243;88, resultat amb qu\u00e8 millora la seva marca personal.<\/p>\n<p>L&#8217;Isaac S\u00e1nchez (12&#8243;39) a la categoria promesa\u00a0i l&#8217;Arnau Marco, a la categoria juvenil, (12&#8243;01) han participat a la prova de 100 metres llisos.<\/p>\n","protected":false},"excerpt":{"rendered":"<p>Aquest cap de setmana s&#8217;ha celebrat a la ciutat d&#8217;Igualada el Campionat de Catalunya a l&#8217;Aire Lliure de les categories Juvenil, J\u00fanior i Promesa de la temporada 2012-13. En aquesta edici\u00f3, el Campionat ha estat caracteritzat pel constant aire que ha bufat sense parar tant a les curses de dissabte com a les de diumenge, [&hellip;]<\/p>\n","protected":false},"author":1,"featured_media":0,"comment_status":"closed","ping_status":"closed","sticky":false,"template":"","format":"standard","meta":[],"categories":[2],"tags":[],"_links":{"self":[{"href":"https:\/\/uar.es\/index.php?rest_route=\/wp\/v2\/posts\/151"}],"collection":[{"href":"https:\/\/uar.es\/index.php?rest_route=\/wp\/v2\/posts"}],"about":[{"href":"https:\/\/uar.es\/index.php?rest_route=\/wp\/v2\/types\/post"}],"author":[{"embeddable":true,"href":"https:\/\/uar.es\/index.php?rest_route=\/wp\/v2\/users\/1"}],"replies":[{"embeddable":true,"href":"https:\/\/uar.es\/index.php?rest_route=%2Fwp%2Fv2%2Fcomments&post=151"}],"version-history":[{"count":1,"href":"https:\/\/uar.es\/index.php?rest_route=\/wp\/v2\/posts\/151\/revisions"}],"predecessor-version":[{"id":152,"href":"https:\/\/uar.es\/index.php?rest_route=\/wp\/v2\/posts\/151\/revisions\/152"}],"wp:attachment":[{"href":"https:\/\/uar.es\/index.php?rest_route=%2Fwp%2Fv2%2Fmedia&parent=151"}],"wp:term":[{"taxonomy":"category","embeddable":true,"href":"https:\/\/uar.es\/index.php?rest_route=%2Fwp%2Fv2%2Fcategories&post=151"},{"taxonomy":"post_tag","embeddable":true,"href":"https:\/\/uar.es\/index.php?rest_route=%2Fwp%2Fv2%2Ftags&post=151"}],"curies":[{"name":"wp","href":"https:\/\/api.w.org\/{rel}","templated":true}]}}