{"id":1519,"date":"2016-06-06T13:09:43","date_gmt":"2016-06-06T11:09:43","guid":{"rendered":"http:\/\/uar.es\/?p=1519"},"modified":"2016-06-06T13:09:52","modified_gmt":"2016-06-06T11:09:52","slug":"campionats-de-catalunya-daire-lliure","status":"publish","type":"post","link":"https:\/\/uar.es\/?p=1519","title":{"rendered":"CAMPIONATS DE CATALUNYA D\u2019AIRE LLIURE."},"content":{"rendered":"<p>El passat cap de setmana es van disputar a Lloret els campionats de Catalunya juvenil, j\u00fanior i promesa.<\/p>\n<p>La participaci\u00f3 rubinenca va ser for\u00e7a \u00e0mplia que van aconseguir nombroses posicions de finalistes i v\u00e0ries medalles.<\/p>\n<p>Cal destacar la primera posici\u00f3 que va aconseguir l\u2019\u00c8ric P\u00e9rez a la prova de 110m tanques.<\/p>\n<p>A la cursa de semis es va classificar en quart lloc, amb un temps de 15\u201d30, i a la final va fer la seva millor cursa i amb 14\u201d33, millor marca personal, va aconseguir pujar al calaix m\u00e9s alt del p\u00f2dium. El Ferran Merino el va acompanyar a la final on va aconseguir el set\u00e8 lloc amb un temps de 16\u201d24.<\/p>\n<p>Les atletes rubinenques van aconseguir dos p\u00f2diums m\u00e9s. A la categoria promesa era la Andrea Le\u00f3n qui va aconseguir la segona posici\u00f3 en la prova de llan\u00e7ament de martell. La marca de 43\u201909 li va servir per penjar-se la medalla d\u2019argent.<\/p>\n<p>L\u2019altra medalla se la va penjar l\u2019Ester Vilches a la prova de 800mll. L\u2019atleta de la U.A.R. va aconseguir la tercera posici\u00f3 amb una marca de 2\u201922\u201d47, molt a prop de la marca m\u00ednima per anar al Campionat d\u2019Espanya, i tornava a pujar al p\u00f2dium tal com va fer a pista coberta.<\/p>\n<p>La Laura Domingo en 400mll va estar molt a prop d\u2019aconseguir una medalla. El temps de 59\u201d61 la va portar al quart lloc a la prova de la volta a la pista. La Mar\u00eda Blasco va ser cinquena a la prova de disc juvenil (26\u201905) i novena al pes (9\u201960). La Berta Olmos tamb\u00e9 va fer novena a la prova de 5.000 m. marxa.<\/p>\n<p>En nois el Ferran Merino va acabar cinqu\u00e8 en salt de llargada (6\u201970m) i el Guillem Oll\u00e9 sis\u00e8 als 200mll (23\u201d17). El Mart\u00ed Puig amb un temps de 24\u201d17 va ser semifinalista de 200mll i l\u2019Arnau Marco tamb\u00e9 va c\u00f3rrer les semis de 100mll (11\u201d89).<\/p>\n<p>Enhorabona a tots vosaltres.<\/p>\n<p><a href=\"http:\/\/uar.es\/wp-content\/uploads\/2016\/06\/DSC_3966.jpg\"><img loading=\"lazy\" class=\"alignnone size-medium wp-image-1520\" src=\"http:\/\/uar.es\/wp-content\/uploads\/2016\/06\/DSC_3966-199x300.jpg\" alt=\"DSC_3966\" width=\"199\" height=\"300\" srcset=\"https:\/\/uar.es\/wp-content\/uploads\/2016\/06\/DSC_3966-199x300.jpg 199w, https:\/\/uar.es\/wp-content\/uploads\/2016\/06\/DSC_3966.jpg 398w\" sizes=\"(max-width: 199px) 100vw, 199px\" \/><\/a> <a href=\"http:\/\/uar.es\/wp-content\/uploads\/2016\/06\/DSC_3964.jpg\"><img loading=\"lazy\" class=\"alignnone size-medium wp-image-1521\" src=\"http:\/\/uar.es\/wp-content\/uploads\/2016\/06\/DSC_3964-199x300.jpg\" alt=\"DSC_3964\" width=\"199\" height=\"300\" srcset=\"https:\/\/uar.es\/wp-content\/uploads\/2016\/06\/DSC_3964-199x300.jpg 199w, https:\/\/uar.es\/wp-content\/uploads\/2016\/06\/DSC_3964.jpg 398w\" sizes=\"(max-width: 199px) 100vw, 199px\" \/><\/a> <a href=\"http:\/\/uar.es\/wp-content\/uploads\/2016\/06\/DSC_3945.jpg\"><img loading=\"lazy\" class=\"alignnone size-medium wp-image-1522\" src=\"http:\/\/uar.es\/wp-content\/uploads\/2016\/06\/DSC_3945-199x300.jpg\" alt=\"DSC_3945\" width=\"199\" height=\"300\" srcset=\"https:\/\/uar.es\/wp-content\/uploads\/2016\/06\/DSC_3945-199x300.jpg 199w, https:\/\/uar.es\/wp-content\/uploads\/2016\/06\/DSC_3945.jpg 398w\" sizes=\"(max-width: 199px) 100vw, 199px\" \/><\/a><a href=\"http:\/\/uar.es\/wp-content\/uploads\/2016\/06\/IMG-20160606-WA0000.jpg\"><img loading=\"lazy\" class=\"alignnone size-medium wp-image-1523\" src=\"http:\/\/uar.es\/wp-content\/uploads\/2016\/06\/IMG-20160606-WA0000-300x221.jpg\" alt=\"IMG-20160606-WA0000\" width=\"300\" height=\"221\" \/><\/a> <a href=\"http:\/\/uar.es\/wp-content\/uploads\/2016\/06\/IMG-20160606-WA0001.jpg\"><img loading=\"lazy\" class=\"alignnone size-medium wp-image-1524\" src=\"http:\/\/uar.es\/wp-content\/uploads\/2016\/06\/IMG-20160606-WA0001-300x200.jpg\" alt=\"IMG-20160606-WA0001\" width=\"300\" height=\"200\" srcset=\"https:\/\/uar.es\/wp-content\/uploads\/2016\/06\/IMG-20160606-WA0001-300x200.jpg 300w, https:\/\/uar.es\/wp-content\/uploads\/2016\/06\/IMG-20160606-WA0001-500x333.jpg 500w, https:\/\/uar.es\/wp-content\/uploads\/2016\/06\/IMG-20160606-WA0001.jpg 600w\" sizes=\"(max-width: 300px) 100vw, 300px\" \/><\/a><\/p>\n","protected":false},"excerpt":{"rendered":"<p>El passat cap de setmana es van disputar a Lloret els campionats de Catalunya juvenil, j\u00fanior i promesa. La participaci\u00f3 rubinenca va ser for\u00e7a \u00e0mplia que van aconseguir nombroses posicions de finalistes i v\u00e0ries medalles. Cal destacar la primera posici\u00f3 que va aconseguir l\u2019\u00c8ric P\u00e9rez a la prova de 110m tanques. A la cursa de [&hellip;]<\/p>\n","protected":false},"author":4,"featured_media":0,"comment_status":"closed","ping_status":"closed","sticky":false,"template":"","format":"standard","meta":[],"categories":[2],"tags":[],"_links":{"self":[{"href":"https:\/\/uar.es\/index.php?rest_route=\/wp\/v2\/posts\/1519"}],"collection":[{"href":"https:\/\/uar.es\/index.php?rest_route=\/wp\/v2\/posts"}],"about":[{"href":"https:\/\/uar.es\/index.php?rest_route=\/wp\/v2\/types\/post"}],"author":[{"embeddable":true,"href":"https:\/\/uar.es\/index.php?rest_route=\/wp\/v2\/users\/4"}],"replies":[{"embeddable":true,"href":"https:\/\/uar.es\/index.php?rest_route=%2Fwp%2Fv2%2Fcomments&post=1519"}],"version-history":[{"count":1,"href":"https:\/\/uar.es\/index.php?rest_route=\/wp\/v2\/posts\/1519\/revisions"}],"predecessor-version":[{"id":1525,"href":"https:\/\/uar.es\/index.php?rest_route=\/wp\/v2\/posts\/1519\/revisions\/1525"}],"wp:attachment":[{"href":"https:\/\/uar.es\/index.php?rest_route=%2Fwp%2Fv2%2Fmedia&parent=1519"}],"wp:term":[{"taxonomy":"category","embeddable":true,"href":"https:\/\/uar.es\/index.php?rest_route=%2Fwp%2Fv2%2Fcategories&post=1519"},{"taxonomy":"post_tag","embeddable":true,"href":"https:\/\/uar.es\/index.php?rest_route=%2Fwp%2Fv2%2Ftags&post=1519"}],"curies":[{"name":"wp","href":"https:\/\/api.w.org\/{rel}","templated":true}]}}