{"id":1529,"date":"2016-06-15T08:36:44","date_gmt":"2016-06-15T06:36:44","guid":{"rendered":"http:\/\/uar.es\/?p=1529"},"modified":"2016-06-15T08:36:44","modified_gmt":"2016-06-15T06:36:44","slug":"la-uar-al-campionat-de-catalunya-benjamims-alevins-i-infantils","status":"publish","type":"post","link":"https:\/\/uar.es\/?p=1529","title":{"rendered":"LA UAR AL CAMPIONAT DE CATALUNYA BENJAMIMS, ALEVINS I INFANTILS"},"content":{"rendered":"<p style=\"text-align: justify;\"><a href=\"http:\/\/uar.es\/wp-content\/uploads\/2016\/06\/IVAN-1r-I-VIOLETA-2a.jpg\"><img loading=\"lazy\" class=\"size-medium wp-image-1530 alignleft\" src=\"http:\/\/uar.es\/wp-content\/uploads\/2016\/06\/IVAN-1r-I-VIOLETA-2a-168x300.jpg\" alt=\"IVAN 1r I VIOLETA 2a\" width=\"168\" height=\"300\" srcset=\"https:\/\/uar.es\/wp-content\/uploads\/2016\/06\/IVAN-1r-I-VIOLETA-2a-168x300.jpg 168w, https:\/\/uar.es\/wp-content\/uploads\/2016\/06\/IVAN-1r-I-VIOLETA-2a.jpg 336w\" sizes=\"(max-width: 168px) 100vw, 168px\" \/><\/a>Aquest dissabte 11 de juny s\u2019 ha celebrat el campionat de Catalunya a l \u2018aire lliure\u00a0 en un dia que va comen\u00e7ar amb pluja per\u00f2 que durant el mat\u00ed es va anar obrint el cel i que va acabar fent\u00a0 molta calor. Cal destacar el primer lloc en 60m benjam\u00ed <strong>de l\u2019 Ivan Garcia Roman<\/strong> amb un temps de\u00a0 9:11 i tamb\u00e9 va quedar el 6\u00e8 en al\u00e7ada amb una marca de 1,10 m.<\/p>\n<p style=\"text-align: justify;\">Tamb\u00e9 durant el mat\u00ed la <strong>Violeta Vilches Segura <\/strong>va compartir la 2a posici\u00f3 en salt d\u2019 al\u00e7ada amb una marca de 1,28 i a la tarda va fer els 600m on va quedar la 8a amb un temps 1:55.49.<\/p>\n<p style=\"text-align: justify;\">Ja a la tarda la nostra atleta \u00a0la <strong>Dami<\/strong> a la categoria infantil\u00a0 va quedar 4a en al\u00e7ada\u00a0 amb una marca empatada amb la segona de 1,46 m.<\/p>\n<p style=\"text-align: justify;\">Altres dels nostres atletes tamb\u00e9 van fer una gran competici\u00f3 i on nom\u00e9s tenien dret a participar els 12 o 16\u00a0 millors marques de Catalunya com la <strong>Ona Stoyou Bar\u00f3n<\/strong> que en llan\u00e7ament de pilota alev\u00ed va quedar\u00a0 la 6a amb una marca de 25,05m o\u00a0 el Pol Cordero Cazorla que en al\u00e7ada alev\u00ed va quedar el 7\u00e8 amb una marca de 1,25m. <strong>El Jordi Serra Embuena<\/strong> als 1000 mll benjam\u00ed on va quedar l\u2019 11\u00e8 i per \u00faltim l\u2019 <strong>Alex Rius Aznar<\/strong>, tamb\u00e9 benjam\u00ed,\u00a0 i que va quedar el 12\u00e8 en al\u00e7ada.<\/p>\n<p style=\"text-align: justify;\">En definida molt \u00a0digna participaci\u00f3 dels nostres atletes rubinencs\/es en aquestes\u00a0 categories tan \u00a0dif\u00edcils degut a la gran quantitat d\u2019atletes que hi ha per tota Catalunya i que cada any sempre ens representen gratament. Gr\u00e0cies a tots\/es\u00a0 i a als vostres familiars, parents i amics que us acompanyen!<\/p>\n","protected":false},"excerpt":{"rendered":"<p>Aquest dissabte 11 de juny s\u2019 ha celebrat el campionat de Catalunya a l \u2018aire lliure\u00a0 en un dia que va comen\u00e7ar amb pluja per\u00f2 que durant el mat\u00ed es va anar obrint el cel i que va acabar fent\u00a0 molta calor. Cal destacar el primer lloc en 60m benjam\u00ed de l\u2019 Ivan Garcia Roman [&hellip;]<\/p>\n","protected":false},"author":6,"featured_media":0,"comment_status":"closed","ping_status":"closed","sticky":false,"template":"","format":"standard","meta":[],"categories":[2],"tags":[],"_links":{"self":[{"href":"https:\/\/uar.es\/index.php?rest_route=\/wp\/v2\/posts\/1529"}],"collection":[{"href":"https:\/\/uar.es\/index.php?rest_route=\/wp\/v2\/posts"}],"about":[{"href":"https:\/\/uar.es\/index.php?rest_route=\/wp\/v2\/types\/post"}],"author":[{"embeddable":true,"href":"https:\/\/uar.es\/index.php?rest_route=\/wp\/v2\/users\/6"}],"replies":[{"embeddable":true,"href":"https:\/\/uar.es\/index.php?rest_route=%2Fwp%2Fv2%2Fcomments&post=1529"}],"version-history":[{"count":1,"href":"https:\/\/uar.es\/index.php?rest_route=\/wp\/v2\/posts\/1529\/revisions"}],"predecessor-version":[{"id":1531,"href":"https:\/\/uar.es\/index.php?rest_route=\/wp\/v2\/posts\/1529\/revisions\/1531"}],"wp:attachment":[{"href":"https:\/\/uar.es\/index.php?rest_route=%2Fwp%2Fv2%2Fmedia&parent=1529"}],"wp:term":[{"taxonomy":"category","embeddable":true,"href":"https:\/\/uar.es\/index.php?rest_route=%2Fwp%2Fv2%2Fcategories&post=1529"},{"taxonomy":"post_tag","embeddable":true,"href":"https:\/\/uar.es\/index.php?rest_route=%2Fwp%2Fv2%2Ftags&post=1529"}],"curies":[{"name":"wp","href":"https:\/\/api.w.org\/{rel}","templated":true}]}}