{"id":157,"date":"2013-06-17T18:39:13","date_gmt":"2013-06-17T17:39:13","guid":{"rendered":"http:\/\/test.uar.es\/?p=157"},"modified":"2013-07-15T18:39:38","modified_gmt":"2013-07-15T17:39:38","slug":"campionat-de-catalunya-infantil-alevi-i-benjami","status":"publish","type":"post","link":"https:\/\/uar.es\/?p=157","title":{"rendered":"CAMPIONAT DE CATALUNYA INFANTIL, ALEV\u00cd i BENJAM\u00cd"},"content":{"rendered":"<p>El passat dissabte 15 de juny es va celebrar la Jornada Final del Campionat de Catalunya Infantil, Alev\u00ed i Benjam\u00ed a l&#8217;Estadi Estadi Camp Clar de Tarragona. La UAR va aconseguir 2 medalles i diverses posicions de m\u00e8rit. L\u2019alev\u00ed\u00a0<strong>Jan Badia<\/strong>va pujar al 3r lloc del podi en la prova de disc realitzant un millor llan\u00e7ament de 20\u201954 metres. L\u2019altra medalla la va aconseguir la benjamina\u00a0<strong>X\u00e8nia Agel<\/strong>\u00a0en la prova de salt d\u2019al\u00e7ada, va saltar 1\u201904 assolint el 3r lloc del podi. Tamb\u00e9 cal destacar els 4rt llocs de l\u2019alev\u00ed\u00a0<strong>Jan Soler<\/strong>\u00a0en 2000 mll amb un gran registre de 6:47.41 i del benjam\u00ed\u00a0<strong>Oriol Ard\u00e8vol\u00a0<\/strong>en llan\u00e7ament de pilota.\u00a0<a href=\"http:\/\/uarescola.blogspot.com.es\/search\/label\/noticies\">*M\u00e9s informaci\u00f3*<\/a><\/p>\n<p><a href=\"http:\/\/www.fcatletisme.cat\/Promocio\/promocio2013\/resulcatinfantil150613.pdf\">*Resultats infantils*<\/a><\/p>\n<p><a href=\"http:\/\/www.fcatletisme.cat\/Promocio\/promocio2013\/resulcatalevi150613.pdf\">*Resultats alevins*<\/a><\/p>\n<p><a href=\"http:\/\/www.fcatletisme.cat\/Promocio\/promocio2013\/resulcatbenjami150613.pdf\">*Resultats benjamins*<\/a><\/p>\n<p><img alt=\"\" src=\"http:\/\/www.uar.es\/img\/DSC_5964_al%C3%A7ada_[Resoluci%C3%B3n_de_Escritorio].JPG\" \/><\/p>\n<p><img alt=\"\" src=\"http:\/\/www.uar.es\/img\/DSC_5939badia_[Resoluci%C3%B3n_de_Escritorio].JPG\" \/><\/p>\n","protected":false},"excerpt":{"rendered":"<p>El passat dissabte 15 de juny es va celebrar la Jornada Final del Campionat de Catalunya Infantil, Alev\u00ed i Benjam\u00ed a l&#8217;Estadi Estadi Camp Clar de Tarragona. La UAR va aconseguir 2 medalles i diverses posicions de m\u00e8rit. L\u2019alev\u00ed\u00a0Jan Badiava pujar al 3r lloc del podi en la prova de disc realitzant un millor llan\u00e7ament [&hellip;]<\/p>\n","protected":false},"author":1,"featured_media":0,"comment_status":"closed","ping_status":"closed","sticky":false,"template":"","format":"standard","meta":[],"categories":[2],"tags":[],"_links":{"self":[{"href":"https:\/\/uar.es\/index.php?rest_route=\/wp\/v2\/posts\/157"}],"collection":[{"href":"https:\/\/uar.es\/index.php?rest_route=\/wp\/v2\/posts"}],"about":[{"href":"https:\/\/uar.es\/index.php?rest_route=\/wp\/v2\/types\/post"}],"author":[{"embeddable":true,"href":"https:\/\/uar.es\/index.php?rest_route=\/wp\/v2\/users\/1"}],"replies":[{"embeddable":true,"href":"https:\/\/uar.es\/index.php?rest_route=%2Fwp%2Fv2%2Fcomments&post=157"}],"version-history":[{"count":1,"href":"https:\/\/uar.es\/index.php?rest_route=\/wp\/v2\/posts\/157\/revisions"}],"predecessor-version":[{"id":158,"href":"https:\/\/uar.es\/index.php?rest_route=\/wp\/v2\/posts\/157\/revisions\/158"}],"wp:attachment":[{"href":"https:\/\/uar.es\/index.php?rest_route=%2Fwp%2Fv2%2Fmedia&parent=157"}],"wp:term":[{"taxonomy":"category","embeddable":true,"href":"https:\/\/uar.es\/index.php?rest_route=%2Fwp%2Fv2%2Fcategories&post=157"},{"taxonomy":"post_tag","embeddable":true,"href":"https:\/\/uar.es\/index.php?rest_route=%2Fwp%2Fv2%2Ftags&post=157"}],"curies":[{"name":"wp","href":"https:\/\/api.w.org\/{rel}","templated":true}]}}