{"id":1570,"date":"2016-07-11T09:43:13","date_gmt":"2016-07-11T07:43:13","guid":{"rendered":"http:\/\/uar.es\/?p=1570"},"modified":"2016-07-11T09:43:13","modified_gmt":"2016-07-11T07:43:13","slug":"campionat-despanya-cadet-a-laire-lliure","status":"publish","type":"post","link":"https:\/\/uar.es\/?p=1570","title":{"rendered":"CAMPIONAT D\u2019ESPANYA CADET A L\u2019AIRE LLIURE."},"content":{"rendered":"<p>Els integrants de l\u2019equip cadet de la U.A. Rub\u00ed van tancar la temporada aquest passat cap de setmana a Granollers al Campionat d\u2019Espanya de la categoria.<\/p>\n<p>La localitat vallesana reunia els millors atletes cadets a les diferents modalitats atl\u00e8tiques.<\/p>\n<p>Els quatre atletes rubinencs classificats per l\u2019esdeveniment van ser l\u2019Adri\u00e0 Navaj\u00f3n, el Gerard Merino, el David Jim\u00e9nez i el Jan Badia.<\/p>\n<p>Un dels m\u00e9s matiners en participar va ser el David Jim\u00e9nez que va c\u00f3rrer les s\u00e8ries classificat\u00f2ries dels 100mll. El rubinenc va sortir a la segona s\u00e8rie on va fer un temps de 11\u201d88 que li va servir per clasificar-se per temps a les semifinals.<\/p>\n<p>A la ronda de semifinals va ser set\u00e8 de la segona cursa amb un temps de 12\u201d10 que no va ser prou per entrar a la final.<\/p>\n<p>El Gerard Merino tamb\u00e9 va ser semifinalista a la prova de 300m tanques amb una marca de 43\u201d42.<\/p>\n<p>El Jan Badia va c\u00f3rrer la tercera semifinal dels 600mll on va fer un temps de 1\u201928\u201d76, entrant en setena posici\u00f3.<\/p>\n<p>L\u2019Adri\u00e0 Navaj\u00f3n va ser cinqu\u00e8 a la prova d\u2019octatl\u00f3 , el nivell va ser alt\u00edssim i les marques realitzades per aconseguir pujar al p\u00f2dium d\u2019una gran qualitat. El guanyador H\u00e9ctor Gasulla (Playas de Castell\u00f3n) va batre la millor marca dels Campionats i va estar molt a prop de fer r\u00e8cord d\u2019Espanya.<\/p>\n<p>La puntuaci\u00f3 de l\u2019Adri\u00e0 va ser\u00a0 de 4.584, millorant en m\u00e9s de 200 punts la seva millor marca amb la que va obtenir la medalla d\u2019argent al Campionat de Catalunya de l\u2019especialitat.<\/p>\n<p>El resum de les marques va ser el seg\u00fcent: 100mll (12\u201d12), pes (10\u201994), al\u00e7ada (1\u201994),\u00a0 disc (27\u201940), 100m tanques (14\u201d52), perxa (3\u201900), javelina (29\u201956), 1.000mll (2\u201957\u201d09).<\/p>\n<p>La marca de la prova d\u2019al\u00e7ada (1\u201994) significa un nou r\u00e8cord absolut de la U.A.Rub\u00ed.<\/p>\n","protected":false},"excerpt":{"rendered":"<p>Els integrants de l\u2019equip cadet de la U.A. Rub\u00ed van tancar la temporada aquest passat cap de setmana a Granollers al Campionat d\u2019Espanya de la categoria. La localitat vallesana reunia els millors atletes cadets a les diferents modalitats atl\u00e8tiques. Els quatre atletes rubinencs classificats per l\u2019esdeveniment van ser l\u2019Adri\u00e0 Navaj\u00f3n, el Gerard Merino, el David [&hellip;]<\/p>\n","protected":false},"author":4,"featured_media":0,"comment_status":"closed","ping_status":"closed","sticky":false,"template":"","format":"standard","meta":[],"categories":[2],"tags":[],"_links":{"self":[{"href":"https:\/\/uar.es\/index.php?rest_route=\/wp\/v2\/posts\/1570"}],"collection":[{"href":"https:\/\/uar.es\/index.php?rest_route=\/wp\/v2\/posts"}],"about":[{"href":"https:\/\/uar.es\/index.php?rest_route=\/wp\/v2\/types\/post"}],"author":[{"embeddable":true,"href":"https:\/\/uar.es\/index.php?rest_route=\/wp\/v2\/users\/4"}],"replies":[{"embeddable":true,"href":"https:\/\/uar.es\/index.php?rest_route=%2Fwp%2Fv2%2Fcomments&post=1570"}],"version-history":[{"count":1,"href":"https:\/\/uar.es\/index.php?rest_route=\/wp\/v2\/posts\/1570\/revisions"}],"predecessor-version":[{"id":1571,"href":"https:\/\/uar.es\/index.php?rest_route=\/wp\/v2\/posts\/1570\/revisions\/1571"}],"wp:attachment":[{"href":"https:\/\/uar.es\/index.php?rest_route=%2Fwp%2Fv2%2Fmedia&parent=1570"}],"wp:term":[{"taxonomy":"category","embeddable":true,"href":"https:\/\/uar.es\/index.php?rest_route=%2Fwp%2Fv2%2Fcategories&post=1570"},{"taxonomy":"post_tag","embeddable":true,"href":"https:\/\/uar.es\/index.php?rest_route=%2Fwp%2Fv2%2Ftags&post=1570"}],"curies":[{"name":"wp","href":"https:\/\/api.w.org\/{rel}","templated":true}]}}