{"id":1578,"date":"2016-07-24T16:44:19","date_gmt":"2016-07-24T14:44:19","guid":{"rendered":"http:\/\/uar.es\/?p=1578"},"modified":"2016-07-24T16:44:19","modified_gmt":"2016-07-24T14:44:19","slug":"nova-quota-de-labonament-familiar","status":"publish","type":"post","link":"https:\/\/uar.es\/?p=1578","title":{"rendered":"NOVA QUOTA DE L\u2019ABONAMENT FAMILIAR"},"content":{"rendered":"<p>El passat 11 de juliol \u00a0l\u2019Assemblea General de Socis va aprovar la pujada de la quota de l\u2019abomament familiar. <strong>Aquesta quota passa a ser de 350 euros per fam\u00edlia a l\u2019any<\/strong>. Aix\u00ed les quotes del club queden de la seg\u00fcent manera:<\/p>\n<p>Tipus de quota\u2026\u2026\u2026\u2026\u2026\u2026\u2026\u2026\u2026\u2026\u2026\u2026\u2026\u2026.. Import<br \/>\n<strong>Abonament familiar\u2026\u2026\u2026\u2026\u2026\u2026\u2026\u2026\u2026\u2026\u2026\u2026350 \u20ac<br \/>\n<\/strong>Quota soci \u2026\u2026\u2026\u2026\u2026\u2026\u2026\u2026\u2026\u2026\u2026\u2026\u2026\u2026\u2026\u2026.120 \u20ac<br \/>\nDescompte 2n familiar\u2026\u2026\u2026\u2026\u2026\u2026\u2026\u2026\u2026\u2026\u2026..20% dto*<br \/>\nQuota escola\u2026\u2026\u2026\u2026\u2026\u2026\u2026\u2026\u2026\u2026\u2026\u2026\u2026\u2026\u2026.. 200 \u20ac<br \/>\nSecci\u00f3 Triatl\u00f3\u2026\u2026\u2026\u2026\u2026\u2026\u2026\u2026\u2026\u2026\u2026\u2026\u2026\u2026\u2026. 45\u20ac**<br \/>\nSecci\u00f3 Fons\u2026\u2026\u2026\u2026\u2026\u2026\u2026\u2026\u2026\u2026\u2026\u2026\u2026\u2026\u2026\u2026 30\u20ac**<br \/>\nSecci\u00f3 Km.0\u2026\u2026\u2026\u2026\u2026\u2026\u2026\u2026\u2026\u2026\u2026\u2026\u2026\u2026\u2026\u2026 30\u20ac**<\/p>\n<p>Matr\u00edcula escola 85 \u20ac (inclou roba de competici\u00f3 i xandall)<br \/>\nEntrada puntual (di\u00e0ria) 3\u20ac. Entrada mensual 15\u20ac<br \/>\n* Descompte 2n familiar no aplicable a les quotes de secci\u00f3.<br \/>\n**Per pert\u00e0nyer a qualsevol secci\u00f3 s\u2019ha de pagar quota soci o abonament familiar m\u00e9s el suplement de la secci\u00f3.<\/p>\n<p>A principis de setembre es far\u00e0 una reuni\u00f3 amb la secci\u00f3 triatl\u00f3 per veure en quines condicions queda el grup.<\/p>\n","protected":false},"excerpt":{"rendered":"<p>El passat 11 de juliol \u00a0l\u2019Assemblea General de Socis va aprovar la pujada de la quota de l\u2019abomament familiar. Aquesta quota passa a ser de 350 euros per fam\u00edlia a l\u2019any. Aix\u00ed les quotes del club queden de la seg\u00fcent manera: Tipus de quota\u2026\u2026\u2026\u2026\u2026\u2026\u2026\u2026\u2026\u2026\u2026\u2026\u2026\u2026.. Import Abonament familiar\u2026\u2026\u2026\u2026\u2026\u2026\u2026\u2026\u2026\u2026\u2026\u2026350 \u20ac Quota soci \u2026\u2026\u2026\u2026\u2026\u2026\u2026\u2026\u2026\u2026\u2026\u2026\u2026\u2026\u2026\u2026.120 \u20ac Descompte 2n familiar\u2026\u2026\u2026\u2026\u2026\u2026\u2026\u2026\u2026\u2026\u2026..20% [&hellip;]<\/p>\n","protected":false},"author":6,"featured_media":0,"comment_status":"closed","ping_status":"closed","sticky":false,"template":"","format":"standard","meta":[],"categories":[2],"tags":[],"_links":{"self":[{"href":"https:\/\/uar.es\/index.php?rest_route=\/wp\/v2\/posts\/1578"}],"collection":[{"href":"https:\/\/uar.es\/index.php?rest_route=\/wp\/v2\/posts"}],"about":[{"href":"https:\/\/uar.es\/index.php?rest_route=\/wp\/v2\/types\/post"}],"author":[{"embeddable":true,"href":"https:\/\/uar.es\/index.php?rest_route=\/wp\/v2\/users\/6"}],"replies":[{"embeddable":true,"href":"https:\/\/uar.es\/index.php?rest_route=%2Fwp%2Fv2%2Fcomments&post=1578"}],"version-history":[{"count":1,"href":"https:\/\/uar.es\/index.php?rest_route=\/wp\/v2\/posts\/1578\/revisions"}],"predecessor-version":[{"id":1579,"href":"https:\/\/uar.es\/index.php?rest_route=\/wp\/v2\/posts\/1578\/revisions\/1579"}],"wp:attachment":[{"href":"https:\/\/uar.es\/index.php?rest_route=%2Fwp%2Fv2%2Fmedia&parent=1578"}],"wp:term":[{"taxonomy":"category","embeddable":true,"href":"https:\/\/uar.es\/index.php?rest_route=%2Fwp%2Fv2%2Fcategories&post=1578"},{"taxonomy":"post_tag","embeddable":true,"href":"https:\/\/uar.es\/index.php?rest_route=%2Fwp%2Fv2%2Ftags&post=1578"}],"curies":[{"name":"wp","href":"https:\/\/api.w.org\/{rel}","templated":true}]}}