{"id":1600,"date":"2016-09-19T23:51:41","date_gmt":"2016-09-19T21:51:41","guid":{"rendered":"http:\/\/uar.es\/?p=1600"},"modified":"2016-09-19T23:52:41","modified_gmt":"2016-09-19T21:52:41","slug":"5a-sansi-de-bellaterra","status":"publish","type":"post","link":"https:\/\/uar.es\/?p=1600","title":{"rendered":"5\u00aa SANSI DE BELLATERRA"},"content":{"rendered":"<p>Bellaterra el dia 11 de setembre va acollir la 5\u00aa Sansi amb una distancia de 5 quil\u00f2metres, on hi van participar dos integrants de la U.A.Rubi.<\/p>\n<p>Bon inici de temporada pels atletes veterans del club.<\/p>\n<p>Mario Su\u00e1rez Bola\u00f1os estrena la temporada 2016 i es classifica amb un 7\u00e9 lloc de la general i puja al podi de la seva categoria, M3, va parar el cron\u00f2metre a 17:31.<\/p>\n<p>Juan Almagro Vegas tamb\u00e9 va c\u00f3rrer la carrera i en la seva categoria, M5, es va classificar 7\u00e9 amb un registre de 25:31.<\/p>\n<p>El guanyador de la carrera va ser Jose Luis Blanco amb un temps de 16:07.<a href=\"http:\/\/uar.es\/wp-content\/uploads\/2016\/09\/IMG_3509.jpg\"><img loading=\"lazy\" class=\"alignnone size-medium wp-image-1601\" src=\"http:\/\/uar.es\/wp-content\/uploads\/2016\/09\/IMG_3509-300x225.jpg\" alt=\"img_3509\" width=\"300\" height=\"225\" srcset=\"https:\/\/uar.es\/wp-content\/uploads\/2016\/09\/IMG_3509-300x225.jpg 300w, https:\/\/uar.es\/wp-content\/uploads\/2016\/09\/IMG_3509-500x375.jpg 500w, https:\/\/uar.es\/wp-content\/uploads\/2016\/09\/IMG_3509.jpg 600w\" sizes=\"(max-width: 300px) 100vw, 300px\" \/><\/a><\/p>\n","protected":false},"excerpt":{"rendered":"<p>Bellaterra el dia 11 de setembre va acollir la 5\u00aa Sansi amb una distancia de 5 quil\u00f2metres, on hi van participar dos integrants de la U.A.Rubi. Bon inici de temporada pels atletes veterans del club. Mario Su\u00e1rez Bola\u00f1os estrena la temporada 2016 i es classifica amb un 7\u00e9 lloc de la general i puja al [&hellip;]<\/p>\n","protected":false},"author":9,"featured_media":0,"comment_status":"closed","ping_status":"closed","sticky":false,"template":"","format":"standard","meta":[],"categories":[2],"tags":[],"_links":{"self":[{"href":"https:\/\/uar.es\/index.php?rest_route=\/wp\/v2\/posts\/1600"}],"collection":[{"href":"https:\/\/uar.es\/index.php?rest_route=\/wp\/v2\/posts"}],"about":[{"href":"https:\/\/uar.es\/index.php?rest_route=\/wp\/v2\/types\/post"}],"author":[{"embeddable":true,"href":"https:\/\/uar.es\/index.php?rest_route=\/wp\/v2\/users\/9"}],"replies":[{"embeddable":true,"href":"https:\/\/uar.es\/index.php?rest_route=%2Fwp%2Fv2%2Fcomments&post=1600"}],"version-history":[{"count":1,"href":"https:\/\/uar.es\/index.php?rest_route=\/wp\/v2\/posts\/1600\/revisions"}],"predecessor-version":[{"id":1602,"href":"https:\/\/uar.es\/index.php?rest_route=\/wp\/v2\/posts\/1600\/revisions\/1602"}],"wp:attachment":[{"href":"https:\/\/uar.es\/index.php?rest_route=%2Fwp%2Fv2%2Fmedia&parent=1600"}],"wp:term":[{"taxonomy":"category","embeddable":true,"href":"https:\/\/uar.es\/index.php?rest_route=%2Fwp%2Fv2%2Fcategories&post=1600"},{"taxonomy":"post_tag","embeddable":true,"href":"https:\/\/uar.es\/index.php?rest_route=%2Fwp%2Fv2%2Ftags&post=1600"}],"curies":[{"name":"wp","href":"https:\/\/api.w.org\/{rel}","templated":true}]}}