{"id":161,"date":"2013-06-25T18:40:29","date_gmt":"2013-06-25T17:40:29","guid":{"rendered":"http:\/\/test.uar.es\/?p=161"},"modified":"2013-07-15T18:40:48","modified_gmt":"2013-07-15T17:40:48","slug":"campionat-despanya-juvenil","status":"publish","type":"post","link":"https:\/\/uar.es\/?p=161","title":{"rendered":"CAMPIONAT D\u2019ESPANYA JUVENIL"},"content":{"rendered":"<p>La Laura Domingo Lafuente va representar a la Uni\u00f3 Atl\u00e8tica Rub\u00ed al Campionat d\u2019Espanya Juvenil que es va disputar a la ciutat Basca de Durango.<\/p>\n<p>L\u2019atleta rubinenca havia aconseguit la marca m\u00ednima que li garantia la participaci\u00f3 a la prova de 200 mll. Les eliminat\u00f2ries es van disputar el dissabte 22 de juny al mat\u00ed. Malgrat aconseguir la seva millor marca personal amb un registre de 26\u201d78 amb un lleuger vent contrari, no va ser suficient per classificar-se per la semifinal de la tarda.<\/p>\n<p>La Laura, que \u00e9s juvenil de primer any, va finalitzar com a 21\u00aa d\u2019Espanya en una prova que va tenir un bon nivell de marques en general i que va guanyar \u00a0la tamb\u00e9 catalana Ingrid Andr\u00e9s (C.A.Mollet).<\/p>\n<p><img alt=\"\" src=\"http:\/\/www.uar.es\/img\/IMG_0547.JPG\" \/><\/p>\n","protected":false},"excerpt":{"rendered":"<p>La Laura Domingo Lafuente va representar a la Uni\u00f3 Atl\u00e8tica Rub\u00ed al Campionat d\u2019Espanya Juvenil que es va disputar a la ciutat Basca de Durango. L\u2019atleta rubinenca havia aconseguit la marca m\u00ednima que li garantia la participaci\u00f3 a la prova de 200 mll. Les eliminat\u00f2ries es van disputar el dissabte 22 de juny al mat\u00ed. [&hellip;]<\/p>\n","protected":false},"author":1,"featured_media":0,"comment_status":"closed","ping_status":"closed","sticky":false,"template":"","format":"standard","meta":[],"categories":[2],"tags":[],"_links":{"self":[{"href":"https:\/\/uar.es\/index.php?rest_route=\/wp\/v2\/posts\/161"}],"collection":[{"href":"https:\/\/uar.es\/index.php?rest_route=\/wp\/v2\/posts"}],"about":[{"href":"https:\/\/uar.es\/index.php?rest_route=\/wp\/v2\/types\/post"}],"author":[{"embeddable":true,"href":"https:\/\/uar.es\/index.php?rest_route=\/wp\/v2\/users\/1"}],"replies":[{"embeddable":true,"href":"https:\/\/uar.es\/index.php?rest_route=%2Fwp%2Fv2%2Fcomments&post=161"}],"version-history":[{"count":1,"href":"https:\/\/uar.es\/index.php?rest_route=\/wp\/v2\/posts\/161\/revisions"}],"predecessor-version":[{"id":162,"href":"https:\/\/uar.es\/index.php?rest_route=\/wp\/v2\/posts\/161\/revisions\/162"}],"wp:attachment":[{"href":"https:\/\/uar.es\/index.php?rest_route=%2Fwp%2Fv2%2Fmedia&parent=161"}],"wp:term":[{"taxonomy":"category","embeddable":true,"href":"https:\/\/uar.es\/index.php?rest_route=%2Fwp%2Fv2%2Fcategories&post=161"},{"taxonomy":"post_tag","embeddable":true,"href":"https:\/\/uar.es\/index.php?rest_route=%2Fwp%2Fv2%2Ftags&post=161"}],"curies":[{"name":"wp","href":"https:\/\/api.w.org\/{rel}","templated":true}]}}