{"id":1610,"date":"2016-10-03T19:55:27","date_gmt":"2016-10-03T17:55:27","guid":{"rendered":"http:\/\/uar.es\/?p=1610"},"modified":"2016-10-03T19:55:53","modified_gmt":"2016-10-03T17:55:53","slug":"tres-atletes-participen-a-la-2a-cursa-del-mercabarna","status":"publish","type":"post","link":"https:\/\/uar.es\/?p=1610","title":{"rendered":"TRES ATLETES PARTICIPEN A LA 2\u00aa CURSA DEL MERCABARNA"},"content":{"rendered":"<div>\n<p>Aquest passat diumenge 2 d\u2019octubre de 2016 es va celebrar la 2\u00aa Cursa del Mercabarna, on es van rec\u00f3rrer dos carreres, una de 5km i l\u2019altra de 10km. Hi van participar tres atletes de la UAR.<\/p>\n<p>En la dist\u00e0ncia de 5 km <strong>Mario Su\u00e1rez Bola\u00f1os<\/strong> es va classificar amb una <strong>2a posici\u00f3<\/strong> i va completar la carrera amb un registre de 16\u201938\u2019\u2019. El guanyador de la carrera va ser Benito Ojeda, l\u2019entrenador del Mario, amb un registre de 16\u201908\u2019\u2019.<\/p>\n<p>Pel que fa a la categoria femenina, hi va participar <strong>Thais Montoya Franco<\/strong> que va enllestir els 5 km amb un temps de 26\u201901\u2019\u2019 i es va classificar en la <strong>32a posici\u00f3<\/strong>.<\/p>\n<p>Per altra banda, als 10 km <strong>Isabel Pinheiro Gon\u00e7alves<\/strong> va acabar la carrera amb un temps de 55\u201920\u2019\u2019 i va obtenir la <strong>60a posici\u00f3<\/strong>.<\/p>\n<p><a href=\"http:\/\/uar.es\/wp-content\/uploads\/2016\/10\/IMG_3645.png\"><img loading=\"lazy\" class=\"alignnone size-medium wp-image-1611 aligncenter\" src=\"http:\/\/uar.es\/wp-content\/uploads\/2016\/10\/IMG_3645-300x169.png\" alt=\"img_3645\" width=\"300\" height=\"169\" srcset=\"https:\/\/uar.es\/wp-content\/uploads\/2016\/10\/IMG_3645-300x169.png 300w, https:\/\/uar.es\/wp-content\/uploads\/2016\/10\/IMG_3645-500x282.png 500w, https:\/\/uar.es\/wp-content\/uploads\/2016\/10\/IMG_3645.png 600w\" sizes=\"(max-width: 300px) 100vw, 300px\" \/><\/a><\/p>\n<\/div>\n<div><\/div>\n<div><\/div>\n","protected":false},"excerpt":{"rendered":"<p>Aquest passat diumenge 2 d\u2019octubre de 2016 es va celebrar la 2\u00aa Cursa del Mercabarna, on es van rec\u00f3rrer dos carreres, una de 5km i l\u2019altra de 10km. Hi van participar tres atletes de la UAR. En la dist\u00e0ncia de 5 km Mario Su\u00e1rez Bola\u00f1os es va classificar amb una 2a posici\u00f3 i va completar [&hellip;]<\/p>\n","protected":false},"author":9,"featured_media":0,"comment_status":"closed","ping_status":"closed","sticky":false,"template":"","format":"standard","meta":[],"categories":[2],"tags":[],"_links":{"self":[{"href":"https:\/\/uar.es\/index.php?rest_route=\/wp\/v2\/posts\/1610"}],"collection":[{"href":"https:\/\/uar.es\/index.php?rest_route=\/wp\/v2\/posts"}],"about":[{"href":"https:\/\/uar.es\/index.php?rest_route=\/wp\/v2\/types\/post"}],"author":[{"embeddable":true,"href":"https:\/\/uar.es\/index.php?rest_route=\/wp\/v2\/users\/9"}],"replies":[{"embeddable":true,"href":"https:\/\/uar.es\/index.php?rest_route=%2Fwp%2Fv2%2Fcomments&post=1610"}],"version-history":[{"count":2,"href":"https:\/\/uar.es\/index.php?rest_route=\/wp\/v2\/posts\/1610\/revisions"}],"predecessor-version":[{"id":1613,"href":"https:\/\/uar.es\/index.php?rest_route=\/wp\/v2\/posts\/1610\/revisions\/1613"}],"wp:attachment":[{"href":"https:\/\/uar.es\/index.php?rest_route=%2Fwp%2Fv2%2Fmedia&parent=1610"}],"wp:term":[{"taxonomy":"category","embeddable":true,"href":"https:\/\/uar.es\/index.php?rest_route=%2Fwp%2Fv2%2Fcategories&post=1610"},{"taxonomy":"post_tag","embeddable":true,"href":"https:\/\/uar.es\/index.php?rest_route=%2Fwp%2Fv2%2Ftags&post=1610"}],"curies":[{"name":"wp","href":"https:\/\/api.w.org\/{rel}","templated":true}]}}