{"id":1657,"date":"2016-11-01T11:46:03","date_gmt":"2016-11-01T09:46:03","guid":{"rendered":"http:\/\/uar.es\/?p=1657"},"modified":"2016-11-01T11:47:03","modified_gmt":"2016-11-01T09:47:03","slug":"atletes-de-la-uar-particien-en-dos-carreres-a-gran-canaria","status":"publish","type":"post","link":"https:\/\/uar.es\/?p=1657","title":{"rendered":"ATLETES DE LA UAR PARTICIEN EN DOS CARRERES A GRAN CANARIA"},"content":{"rendered":"<p style=\"text-align: justify\">Un cop m\u00e9s Mario Su\u00e1rez i Thais Montoya participen en carreres, per\u00f2 aquest cop viatgen fins a Las Palmas de Gran Canaria.<\/p>\n<p style=\"text-align: justify\">Diumenge 23 d&#8217;octubre tots dos varen participar a la <strong>Milla de Sant Fernando de Vecindario<\/strong>, organitzada pel club Uni\u00f3n Atl\u00e9tica Vecindario-Ag\u00fcimes (U.A.V.A.).<\/p>\n<p style=\"text-align: justify\">Van c\u00f2rrer en la categoria Senior. <strong>Mario<\/strong> es va classificar en una magn\u00edfica <strong>quarta<\/strong> posici\u00f3 amb un registre de 5:04 i la <strong>Thais<\/strong> en la <strong>sisena<\/strong> posici\u00f3 i va parar el cron\u00f2metre en 7:40.<\/p>\n<p style=\"text-align: justify\"><strong>Mario<\/strong>, aquest passat dissabte 29 d&#8217;octubre va c\u00f2rrer els 5km de la\u00a0<strong>Carrera popular de Minilla<\/strong>, tamb\u00e9 situada a Gran Canaria. I aquest cop va pujar al <strong>tercer gla\u00f3<\/strong>\u00a0del podi.<\/p>\n<p><a href=\"http:\/\/uar.es\/wp-content\/uploads\/2016\/11\/Mario.jpg\"><img loading=\"lazy\" class=\" wp-image-1658 aligncenter\" src=\"http:\/\/uar.es\/wp-content\/uploads\/2016\/11\/Mario-199x300.jpg\" alt=\"mario\" width=\"217\" height=\"327\" srcset=\"https:\/\/uar.es\/wp-content\/uploads\/2016\/11\/Mario-199x300.jpg 199w, https:\/\/uar.es\/wp-content\/uploads\/2016\/11\/Mario.jpg 398w\" sizes=\"(max-width: 217px) 100vw, 217px\" \/><\/a><\/p>\n","protected":false},"excerpt":{"rendered":"<p>Un cop m\u00e9s Mario Su\u00e1rez i Thais Montoya participen en carreres, per\u00f2 aquest cop viatgen fins a Las Palmas de Gran Canaria. Diumenge 23 d&#8217;octubre tots dos varen participar a la Milla de Sant Fernando de Vecindario, organitzada pel club Uni\u00f3n Atl\u00e9tica Vecindario-Ag\u00fcimes (U.A.V.A.). Van c\u00f2rrer en la categoria Senior. Mario es va classificar en [&hellip;]<\/p>\n","protected":false},"author":9,"featured_media":0,"comment_status":"closed","ping_status":"closed","sticky":false,"template":"","format":"standard","meta":[],"categories":[2],"tags":[],"_links":{"self":[{"href":"https:\/\/uar.es\/index.php?rest_route=\/wp\/v2\/posts\/1657"}],"collection":[{"href":"https:\/\/uar.es\/index.php?rest_route=\/wp\/v2\/posts"}],"about":[{"href":"https:\/\/uar.es\/index.php?rest_route=\/wp\/v2\/types\/post"}],"author":[{"embeddable":true,"href":"https:\/\/uar.es\/index.php?rest_route=\/wp\/v2\/users\/9"}],"replies":[{"embeddable":true,"href":"https:\/\/uar.es\/index.php?rest_route=%2Fwp%2Fv2%2Fcomments&post=1657"}],"version-history":[{"count":2,"href":"https:\/\/uar.es\/index.php?rest_route=\/wp\/v2\/posts\/1657\/revisions"}],"predecessor-version":[{"id":1660,"href":"https:\/\/uar.es\/index.php?rest_route=\/wp\/v2\/posts\/1657\/revisions\/1660"}],"wp:attachment":[{"href":"https:\/\/uar.es\/index.php?rest_route=%2Fwp%2Fv2%2Fmedia&parent=1657"}],"wp:term":[{"taxonomy":"category","embeddable":true,"href":"https:\/\/uar.es\/index.php?rest_route=%2Fwp%2Fv2%2Fcategories&post=1657"},{"taxonomy":"post_tag","embeddable":true,"href":"https:\/\/uar.es\/index.php?rest_route=%2Fwp%2Fv2%2Ftags&post=1657"}],"curies":[{"name":"wp","href":"https:\/\/api.w.org\/{rel}","templated":true}]}}