{"id":1666,"date":"2016-11-03T00:30:04","date_gmt":"2016-11-02T22:30:04","guid":{"rendered":"http:\/\/uar.es\/?p=1666"},"modified":"2016-11-03T00:32:00","modified_gmt":"2016-11-02T22:32:00","slug":"reunio-de-pares-i-mares-de-la-unio-atletica-rubi","status":"publish","type":"post","link":"https:\/\/uar.es\/?p=1666","title":{"rendered":"Reuni\u00f3 de pares i mares de la Uni\u00f3 Atl\u00e8tica Rub\u00ed"},"content":{"rendered":"<p style=\"text-align: justify;\">El proper dijous 10 de novembre de 2016 es far\u00e0 una reuni\u00f3 informativa per als pares i mares de les categories prebenjam\u00ed fins a cadet de 18:10 a 19:15 a l&#8217; associaci\u00f3 esportiva Terranova C\/ Gimn\u00e0stica 12 (antic hotel Terranova).<\/p>\n<p style=\"text-align: justify;\"><strong><a href=\"https:\/\/www.google.es\/maps\/dir\/Avinguda+de+les+Olimp%C3%ADades,+08191+Rub%C3%AD,+Barcelona\/Carrer+de+la+Gimn%C3%A0stica,+12,+08191+Rub%C3%AD,+Barcelona\/@41.5017312,2.0393295,18z\/data=!3m1!4b1!4m13!4m12!1m5!1m1!1s0x12a491618ca07967:0xa2f5a2c567eda470!2m2!1d2.0420738!2d41.5020049!1m5!1m1!1s0x12a49162edd2dfc7:0xbcf83fbb965dbda3!2m2!1d2.0387738!2d41.5017132\">UBICACI\u00d3<\/a><\/strong><\/p>\n<div style=\"text-align: justify;\">\n<p>A la reuni\u00f3 es far\u00e0 la presentaci\u00f3 dels entrenadors\/es, delegats, organigrama esportiu, competicions&#8230;<\/p>\n<\/div>\n<div style=\"text-align: justify;\">\n<p>A m\u00e9s a m\u00e9s de temps per a preguntes i inquietuds<\/p>\n<\/div>\n<p style=\"text-align: justify;\">Us esperem a tots ,<img loading=\"lazy\" class=\"CToWUd alignnone\" src=\"https:\/\/mail.google.com\/mail\/e\/1f609\" alt=\"&#x1f609;\" width=\"48\" height=\"48\" data-goomoji=\"1f609\" \/><\/p>\n<p style=\"text-align: justify;\"><a href=\"http:\/\/uar.es\/wp-content\/uploads\/2016\/11\/unnamed.jpg\"><img loading=\"lazy\" class=\"size-full wp-image-1670 aligncenter\" src=\"http:\/\/uar.es\/wp-content\/uploads\/2016\/11\/unnamed.jpg\" alt=\"unnamed\" width=\"220\" height=\"229\" \/><\/a><\/p>\n","protected":false},"excerpt":{"rendered":"<p>El proper dijous 10 de novembre de 2016 es far\u00e0 una reuni\u00f3 informativa per als pares i mares de les categories prebenjam\u00ed fins a cadet de 18:10 a 19:15 a l&#8217; associaci\u00f3 esportiva Terranova C\/ Gimn\u00e0stica 12 (antic hotel Terranova). UBICACI\u00d3 A la reuni\u00f3 es far\u00e0 la presentaci\u00f3 dels entrenadors\/es, delegats, organigrama esportiu, competicions&#8230; A [&hellip;]<\/p>\n","protected":false},"author":6,"featured_media":0,"comment_status":"closed","ping_status":"closed","sticky":false,"template":"","format":"standard","meta":[],"categories":[2],"tags":[],"_links":{"self":[{"href":"https:\/\/uar.es\/index.php?rest_route=\/wp\/v2\/posts\/1666"}],"collection":[{"href":"https:\/\/uar.es\/index.php?rest_route=\/wp\/v2\/posts"}],"about":[{"href":"https:\/\/uar.es\/index.php?rest_route=\/wp\/v2\/types\/post"}],"author":[{"embeddable":true,"href":"https:\/\/uar.es\/index.php?rest_route=\/wp\/v2\/users\/6"}],"replies":[{"embeddable":true,"href":"https:\/\/uar.es\/index.php?rest_route=%2Fwp%2Fv2%2Fcomments&post=1666"}],"version-history":[{"count":2,"href":"https:\/\/uar.es\/index.php?rest_route=\/wp\/v2\/posts\/1666\/revisions"}],"predecessor-version":[{"id":1672,"href":"https:\/\/uar.es\/index.php?rest_route=\/wp\/v2\/posts\/1666\/revisions\/1672"}],"wp:attachment":[{"href":"https:\/\/uar.es\/index.php?rest_route=%2Fwp%2Fv2%2Fmedia&parent=1666"}],"wp:term":[{"taxonomy":"category","embeddable":true,"href":"https:\/\/uar.es\/index.php?rest_route=%2Fwp%2Fv2%2Fcategories&post=1666"},{"taxonomy":"post_tag","embeddable":true,"href":"https:\/\/uar.es\/index.php?rest_route=%2Fwp%2Fv2%2Ftags&post=1666"}],"curies":[{"name":"wp","href":"https:\/\/api.w.org\/{rel}","templated":true}]}}