{"id":1687,"date":"2016-11-08T16:09:25","date_gmt":"2016-11-08T14:09:25","guid":{"rendered":"http:\/\/uar.es\/?p=1687"},"modified":"2016-11-08T16:10:29","modified_gmt":"2016-11-08T14:10:29","slug":"62e-cros-de-calldetenes","status":"publish","type":"post","link":"https:\/\/uar.es\/?p=1687","title":{"rendered":"62\u00e8 CROS DE CALLDETENES"},"content":{"rendered":"<p style=\"text-align: justify\"><strong>Cinc atletes<\/strong> de la Uni\u00f3 Atl\u00e8tica Rub\u00ed (UAR) van participar el 6 d\u2019octubre al 62\u00e8 Cros de Calldetenes, el qual era un prova puntuable pel gran premi catal\u00e0 de cros.<\/p>\n<p style=\"text-align: justify\">En la categoria Cadet ens va representar el <strong>Jan Soler<\/strong>, va c\u00f3rrer una dist\u00e0ncia de 3200m i es va classificar 7\u00e8 (10\u201953\u2019\u2019).<\/p>\n<p style=\"text-align: justify\">Pel que fa a la categoria Promesa, vam tenir la participaci\u00f3 de tres atletes, Davide Roche, Guillem Guiteras i Eduard Morales, aquests atletes van c\u00f3rrer 8800m. <strong>Roche<\/strong> es va imposar als dos atletes de la UAR amb una sisena posici\u00f3 (31\u201901\u2019\u2019), <strong>Guiteras<\/strong> i <strong>Morales<\/strong> van quedar un darrera del altre classificant-se 8\u00e9 i 9\u00e9 respectivament (31\u201958\u2019\u2019 i 32\u201900\u2019\u2019).<\/p>\n<p style=\"text-align: justify\">L\u2019\u00fanica representaci\u00f3 femenina la vam tenir en la categoria Juvenil, per la <strong>Mireia Morales<\/strong>, que es va classificar en una 39a pla\u00e7a, ella va rec\u00f3rrer una distancia de 3200m (15\u201901\u2019\u2019).<\/p>\n","protected":false},"excerpt":{"rendered":"<p>Cinc atletes de la Uni\u00f3 Atl\u00e8tica Rub\u00ed (UAR) van participar el 6 d\u2019octubre al 62\u00e8 Cros de Calldetenes, el qual era un prova puntuable pel gran premi catal\u00e0 de cros. En la categoria Cadet ens va representar el Jan Soler, va c\u00f3rrer una dist\u00e0ncia de 3200m i es va classificar 7\u00e8 (10\u201953\u2019\u2019). Pel que fa [&hellip;]<\/p>\n","protected":false},"author":9,"featured_media":0,"comment_status":"closed","ping_status":"closed","sticky":false,"template":"","format":"standard","meta":[],"categories":[2],"tags":[],"_links":{"self":[{"href":"https:\/\/uar.es\/index.php?rest_route=\/wp\/v2\/posts\/1687"}],"collection":[{"href":"https:\/\/uar.es\/index.php?rest_route=\/wp\/v2\/posts"}],"about":[{"href":"https:\/\/uar.es\/index.php?rest_route=\/wp\/v2\/types\/post"}],"author":[{"embeddable":true,"href":"https:\/\/uar.es\/index.php?rest_route=\/wp\/v2\/users\/9"}],"replies":[{"embeddable":true,"href":"https:\/\/uar.es\/index.php?rest_route=%2Fwp%2Fv2%2Fcomments&post=1687"}],"version-history":[{"count":3,"href":"https:\/\/uar.es\/index.php?rest_route=\/wp\/v2\/posts\/1687\/revisions"}],"predecessor-version":[{"id":1690,"href":"https:\/\/uar.es\/index.php?rest_route=\/wp\/v2\/posts\/1687\/revisions\/1690"}],"wp:attachment":[{"href":"https:\/\/uar.es\/index.php?rest_route=%2Fwp%2Fv2%2Fmedia&parent=1687"}],"wp:term":[{"taxonomy":"category","embeddable":true,"href":"https:\/\/uar.es\/index.php?rest_route=%2Fwp%2Fv2%2Fcategories&post=1687"},{"taxonomy":"post_tag","embeddable":true,"href":"https:\/\/uar.es\/index.php?rest_route=%2Fwp%2Fv2%2Ftags&post=1687"}],"curies":[{"name":"wp","href":"https:\/\/api.w.org\/{rel}","templated":true}]}}