{"id":1691,"date":"2016-11-08T16:21:50","date_gmt":"2016-11-08T14:21:50","guid":{"rendered":"http:\/\/uar.es\/?p=1691"},"modified":"2016-11-08T16:21:50","modified_gmt":"2016-11-08T14:21:50","slug":"4a-mitja-marato-del-prat-de-llobregat","status":"publish","type":"post","link":"https:\/\/uar.es\/?p=1691","title":{"rendered":"4a MITJA MARATO DEL PRAT DE LLOBREGAT"},"content":{"rendered":"<p style=\"text-align: justify\"><strong>Mario Su\u00e1rez<\/strong>\u00a0de la Uni\u00f3 Atl\u00e8tica Rub\u00ed (UAR) va prendre part en la 4a Mitja Marat\u00f3 que va acollir el Prat de Llobregat el passat 6 de novembre. Su\u00e1rez va completar els 5 km de la cursa en 16\u201919\u2019\u2019, que aix\u00f2 suposa una <strong>millor marca personal<\/strong>, i es va classificar en 4a posici\u00f3.<\/p>\n<p style=\"text-align: justify\"><a href=\"http:\/\/uar.es\/wp-content\/uploads\/2016\/11\/Mario-al-Prat.jpg\"><img loading=\"lazy\" class=\"size-medium wp-image-1692 aligncenter\" src=\"http:\/\/uar.es\/wp-content\/uploads\/2016\/11\/Mario-al-Prat-300x200.jpg\" alt=\"mario-al-prat\" width=\"300\" height=\"200\" srcset=\"https:\/\/uar.es\/wp-content\/uploads\/2016\/11\/Mario-al-Prat-300x200.jpg 300w, https:\/\/uar.es\/wp-content\/uploads\/2016\/11\/Mario-al-Prat-500x333.jpg 500w, https:\/\/uar.es\/wp-content\/uploads\/2016\/11\/Mario-al-Prat.jpg 600w\" sizes=\"(max-width: 300px) 100vw, 300px\" \/><\/a><\/p>\n","protected":false},"excerpt":{"rendered":"<p>Mario Su\u00e1rez\u00a0de la Uni\u00f3 Atl\u00e8tica Rub\u00ed (UAR) va prendre part en la 4a Mitja Marat\u00f3 que va acollir el Prat de Llobregat el passat 6 de novembre. Su\u00e1rez va completar els 5 km de la cursa en 16\u201919\u2019\u2019, que aix\u00f2 suposa una millor marca personal, i es va classificar en 4a posici\u00f3.<\/p>\n","protected":false},"author":9,"featured_media":0,"comment_status":"closed","ping_status":"closed","sticky":false,"template":"","format":"standard","meta":[],"categories":[2],"tags":[],"_links":{"self":[{"href":"https:\/\/uar.es\/index.php?rest_route=\/wp\/v2\/posts\/1691"}],"collection":[{"href":"https:\/\/uar.es\/index.php?rest_route=\/wp\/v2\/posts"}],"about":[{"href":"https:\/\/uar.es\/index.php?rest_route=\/wp\/v2\/types\/post"}],"author":[{"embeddable":true,"href":"https:\/\/uar.es\/index.php?rest_route=\/wp\/v2\/users\/9"}],"replies":[{"embeddable":true,"href":"https:\/\/uar.es\/index.php?rest_route=%2Fwp%2Fv2%2Fcomments&post=1691"}],"version-history":[{"count":1,"href":"https:\/\/uar.es\/index.php?rest_route=\/wp\/v2\/posts\/1691\/revisions"}],"predecessor-version":[{"id":1693,"href":"https:\/\/uar.es\/index.php?rest_route=\/wp\/v2\/posts\/1691\/revisions\/1693"}],"wp:attachment":[{"href":"https:\/\/uar.es\/index.php?rest_route=%2Fwp%2Fv2%2Fmedia&parent=1691"}],"wp:term":[{"taxonomy":"category","embeddable":true,"href":"https:\/\/uar.es\/index.php?rest_route=%2Fwp%2Fv2%2Fcategories&post=1691"},{"taxonomy":"post_tag","embeddable":true,"href":"https:\/\/uar.es\/index.php?rest_route=%2Fwp%2Fv2%2Ftags&post=1691"}],"curies":[{"name":"wp","href":"https:\/\/api.w.org\/{rel}","templated":true}]}}