{"id":1697,"date":"2016-11-15T16:25:59","date_gmt":"2016-11-15T14:25:59","guid":{"rendered":"http:\/\/uar.es\/?p=1697"},"modified":"2016-11-15T16:41:16","modified_gmt":"2016-11-15T14:41:16","slug":"47e-cros-ciutat-de-mataro","status":"publish","type":"post","link":"https:\/\/uar.es\/?p=1697","title":{"rendered":"47\u00e9 CROS CIUTAT DE MATAR\u00d3"},"content":{"rendered":"<p style=\"text-align: justify\">S&#8217;ha disputat durant aquest cap de setmana el 47\u00e9 Cros Ciutat de Matar\u00f3, una de les proves puntuables pel Gran Premi Catal\u00e0 de Cros. Aquest cop hem tornat a tenir la participaci\u00f3 de <strong>cinc atletes de la UAR<\/strong>.<\/p>\n<p style=\"text-align: justify\">Diumenge 13 de novembre el nostre atleta Cadet, <strong>Jan Soler<\/strong>, arribava a la meta amb una 7a posici\u00f3, parant el cron\u00f2metre en 12\u201914\u2019\u2019.<\/p>\n<p style=\"text-align: justify\">Els atletes de la categoria Promesa van arribar un darrera l\u2019altre, <strong>Davide Roche<\/strong> va arribar 8\u00e9 i va fer una marca de 28\u201954\u2019\u2019, per darrera seu tenia al <strong>Miquel Egea<\/strong> que va fer un registre de 29\u201924\u2019\u2019 i el que tancava el grup de rubinencs era <strong>Eduard Morales<\/strong> amb un registre de 30\u201901\u2019\u2019.<\/p>\n<p style=\"text-align: justify\">La representaci\u00f3 femenina va ser per la <strong>Mireia Morales<\/strong>, atleta juvenil que es va arribar a la meta en una 24a posici\u00f3 i parant el cron\u00f2metre en 13\u201940\u2019\u2019.<a href=\"http:\/\/uar.es\/wp-content\/uploads\/2016\/11\/DSC6740-e1479219847182.jpg\"><img loading=\"lazy\" class=\"size-medium wp-image-1698 aligncenter\" src=\"http:\/\/uar.es\/wp-content\/uploads\/2016\/11\/DSC6740-e1479219830913-300x162.jpg\" alt=\"_dsc6740\" width=\"300\" height=\"162\" \/><\/a><\/p>\n","protected":false},"excerpt":{"rendered":"<p>S&#8217;ha disputat durant aquest cap de setmana el 47\u00e9 Cros Ciutat de Matar\u00f3, una de les proves puntuables pel Gran Premi Catal\u00e0 de Cros. Aquest cop hem tornat a tenir la participaci\u00f3 de cinc atletes de la UAR. Diumenge 13 de novembre el nostre atleta Cadet, Jan Soler, arribava a la meta amb una 7a [&hellip;]<\/p>\n","protected":false},"author":9,"featured_media":0,"comment_status":"closed","ping_status":"closed","sticky":false,"template":"","format":"standard","meta":[],"categories":[2],"tags":[],"_links":{"self":[{"href":"https:\/\/uar.es\/index.php?rest_route=\/wp\/v2\/posts\/1697"}],"collection":[{"href":"https:\/\/uar.es\/index.php?rest_route=\/wp\/v2\/posts"}],"about":[{"href":"https:\/\/uar.es\/index.php?rest_route=\/wp\/v2\/types\/post"}],"author":[{"embeddable":true,"href":"https:\/\/uar.es\/index.php?rest_route=\/wp\/v2\/users\/9"}],"replies":[{"embeddable":true,"href":"https:\/\/uar.es\/index.php?rest_route=%2Fwp%2Fv2%2Fcomments&post=1697"}],"version-history":[{"count":3,"href":"https:\/\/uar.es\/index.php?rest_route=\/wp\/v2\/posts\/1697\/revisions"}],"predecessor-version":[{"id":1701,"href":"https:\/\/uar.es\/index.php?rest_route=\/wp\/v2\/posts\/1697\/revisions\/1701"}],"wp:attachment":[{"href":"https:\/\/uar.es\/index.php?rest_route=%2Fwp%2Fv2%2Fmedia&parent=1697"}],"wp:term":[{"taxonomy":"category","embeddable":true,"href":"https:\/\/uar.es\/index.php?rest_route=%2Fwp%2Fv2%2Fcategories&post=1697"},{"taxonomy":"post_tag","embeddable":true,"href":"https:\/\/uar.es\/index.php?rest_route=%2Fwp%2Fv2%2Ftags&post=1697"}],"curies":[{"name":"wp","href":"https:\/\/api.w.org\/{rel}","templated":true}]}}