{"id":1702,"date":"2016-11-18T00:23:37","date_gmt":"2016-11-17T22:23:37","guid":{"rendered":"http:\/\/uar.es\/?p=1702"},"modified":"2016-11-18T00:23:37","modified_gmt":"2016-11-17T22:23:37","slug":"nit-de-la-uar-2016","status":"publish","type":"post","link":"https:\/\/uar.es\/?p=1702","title":{"rendered":"NIT de la UAR 2016"},"content":{"rendered":"<p>Benvolguts socis:<\/p>\n<p>Un any m\u00e9s la UNI\u00d3 ATL\u00c8TICA RUB\u00cd organitza \u00a8 LA NIT DE LA UAR \u00a8 la nit de l\u2019atletisme Rubinenc. L\u2019acte d\u2019aquesta\u00a016a edici\u00f3 tindr\u00e0 lloc al Restaurant\u00a0\u00a0<a href=\"http:\/\/www.fontlesplanes.com\/\" target=\"_blank\"><span style=\"color: #0066cc;\">FONT DE LES PLANES<\/span><\/a>\u00a0de les Planes de Vallvidrera, el dissabte\u00a0<strong>3 de\u00a0Desembre de 2016<\/strong> a les 20:30 hores<\/p>\n<p>En aquesta NIT es tracta de reunir-nos tots els que formem part de l\u2018atletisme rubinenc i seguir la tradici\u00f3 de la concessi\u00f3 de premis i guardons a les persones que, en m\u00e8rit al seu treball, hagin estat mereixedores de reconeixement.<\/p>\n<p><strong>\u00a0Prec accepteu aquesta invitaci\u00f3 ja que a nosaltres ens agradaria molt poder contar amb la seva presencia.<\/strong><\/p>\n<p>Durant la festa es lliuraran els premis als MILLOR ATLETES de l\u2019escola de la temporada 2015\/2016.<\/p>\n<p>Per cortes\u00eda d&#8217;Halc\u00f3n Viajes, <strong>es realitzaran dos\u00a0sorteigs:<\/strong>\u00a0un cap de setmana a <a href=\"https:\/\/estivalpark.es\/es\" target=\"_blank\">l&#8217;hotel Estival Park<\/a> de la Pineda de Salou i una Caixa <a href=\"http:\/\/www.smartbox.com\/es\/\" target=\"_blank\">Smartbox<\/a><\/p>\n<p>Confiem poder gaudir amb la seva pres\u00e8ncia per tal de poder fer d\u2019aquesta NIT de festa una gran tradici\u00f3 anyal, preguem <strong>confirmeu<\/strong> la vostre assist\u00e8ncia al tlf. 935882762 de 18\u201900 a 21\u201900 hores <strong>abans del d\u00eda 25 de Novembre.<\/strong><\/p>\n<p>Detallem en aquest enlla\u00e7 preus, men\u00fas i ubicaci\u00f3 del lloc de cel.lebraci\u00f3<\/p>\n<p><a href=\"http:\/\/uar.es\/wp-content\/uploads\/2016\/11\/UAR-03.12.16.pdf\" target=\"_blank\"><span style=\"color: #0066cc;\">Men\u00fa especial adultos<\/span><\/a>\u00a0 \u00a0 \u00a0 \u00a0 \u00a0 \u00a0 \u00a0 \u00a0 \u00a0 \u00a0 \u00a0 \u00a0 \u00a0 \u00a0 \u00a0 \u00a0\u00a0<a href=\"http:\/\/uar.es\/wp-content\/uploads\/2016\/11\/UAR-Men\u00fa-infantil.pdf\" target=\"_blank\"><span style=\"color: #0066cc;\">Men\u00fa especial infantil<\/span><\/a><\/p>\n<p>Rebeu una cordial salutaci\u00f3.<\/p>\n<p>Rub\u00ed Novembre\u00a0de 2016.<\/p>\n","protected":false},"excerpt":{"rendered":"<p>Benvolguts socis: Un any m\u00e9s la UNI\u00d3 ATL\u00c8TICA RUB\u00cd organitza \u00a8 LA NIT DE LA UAR \u00a8 la nit de l\u2019atletisme Rubinenc. L\u2019acte d\u2019aquesta\u00a016a edici\u00f3 tindr\u00e0 lloc al Restaurant\u00a0\u00a0FONT DE LES PLANES\u00a0de les Planes de Vallvidrera, el dissabte\u00a03 de\u00a0Desembre de 2016 a les 20:30 hores En aquesta NIT es tracta de reunir-nos tots els que [&hellip;]<\/p>\n","protected":false},"author":8,"featured_media":0,"comment_status":"closed","ping_status":"closed","sticky":false,"template":"","format":"standard","meta":[],"categories":[2],"tags":[],"_links":{"self":[{"href":"https:\/\/uar.es\/index.php?rest_route=\/wp\/v2\/posts\/1702"}],"collection":[{"href":"https:\/\/uar.es\/index.php?rest_route=\/wp\/v2\/posts"}],"about":[{"href":"https:\/\/uar.es\/index.php?rest_route=\/wp\/v2\/types\/post"}],"author":[{"embeddable":true,"href":"https:\/\/uar.es\/index.php?rest_route=\/wp\/v2\/users\/8"}],"replies":[{"embeddable":true,"href":"https:\/\/uar.es\/index.php?rest_route=%2Fwp%2Fv2%2Fcomments&post=1702"}],"version-history":[{"count":3,"href":"https:\/\/uar.es\/index.php?rest_route=\/wp\/v2\/posts\/1702\/revisions"}],"predecessor-version":[{"id":1705,"href":"https:\/\/uar.es\/index.php?rest_route=\/wp\/v2\/posts\/1702\/revisions\/1705"}],"wp:attachment":[{"href":"https:\/\/uar.es\/index.php?rest_route=%2Fwp%2Fv2%2Fmedia&parent=1702"}],"wp:term":[{"taxonomy":"category","embeddable":true,"href":"https:\/\/uar.es\/index.php?rest_route=%2Fwp%2Fv2%2Fcategories&post=1702"},{"taxonomy":"post_tag","embeddable":true,"href":"https:\/\/uar.es\/index.php?rest_route=%2Fwp%2Fv2%2Ftags&post=1702"}],"curies":[{"name":"wp","href":"https:\/\/api.w.org\/{rel}","templated":true}]}}