{"id":1706,"date":"2016-11-22T16:52:05","date_gmt":"2016-11-22T14:52:05","guid":{"rendered":"http:\/\/uar.es\/?p=1706"},"modified":"2016-11-22T16:55:23","modified_gmt":"2016-11-22T14:55:23","slug":"19e-cros-ciutat-de-girona","status":"publish","type":"post","link":"https:\/\/uar.es\/?p=1706","title":{"rendered":"19\u00c8 CROS CIUTAT DE GIRONA"},"content":{"rendered":"<p style=\"text-align: justify\">Un cop m\u00e9s, tenim representaci\u00f3 al 19\u00e8 Cros Ciutat de Girona el 20 de novembre, una altra de les proves puntuables del Gran Premi Catal\u00e0 de Cros. A la prova van participar un total de cinc corredors del nostre club rubinenc: Jan Soler, Miquel Egea, Guillem Guiteras, Eduard Morales i Mireia Morales, l\u2019\u00fanica representant femenina.<\/p>\n<p>El cadet <strong>Jan Soler<\/strong> va arribar a la meta en 9a posici\u00f3 despr\u00e9s de fer un temps de 9\u201936\u201d. Els atletes de la categoria Promesa van arribar un darrere de l\u2019altre. <strong>Miquel Egea<\/strong> va ser 10\u00e8 amb un temps de 27\u201921\u201d; <strong>Guillem Guitera<\/strong>s va ser 14\u00e9 amb un temps de 28\u201946\u2019\u2019; i <strong>Eduard Morales<\/strong>, 16\u00e8, amb un crono de 29\u201912\u201d.<\/p>\n<p>En categoria femenina, <strong>Mireia Morales<\/strong> va ser 41a en categoria juvenil, despr\u00e9s de fer un temps de 10\u201948\u201d.<\/p>\n<p><a href=\"http:\/\/uar.es\/wp-content\/uploads\/2016\/11\/30352380473_6f2936fe5e_c.jpg\"><img loading=\"lazy\" class=\"size-medium wp-image-1707 aligncenter\" src=\"http:\/\/uar.es\/wp-content\/uploads\/2016\/11\/30352380473_6f2936fe5e_c-300x200.jpg\" alt=\"30352380473_6f2936fe5e_c\" width=\"300\" height=\"200\" srcset=\"https:\/\/uar.es\/wp-content\/uploads\/2016\/11\/30352380473_6f2936fe5e_c-300x200.jpg 300w, https:\/\/uar.es\/wp-content\/uploads\/2016\/11\/30352380473_6f2936fe5e_c-500x333.jpg 500w, https:\/\/uar.es\/wp-content\/uploads\/2016\/11\/30352380473_6f2936fe5e_c.jpg 600w\" sizes=\"(max-width: 300px) 100vw, 300px\" \/><\/a><\/p>\n","protected":false},"excerpt":{"rendered":"<p>Un cop m\u00e9s, tenim representaci\u00f3 al 19\u00e8 Cros Ciutat de Girona el 20 de novembre, una altra de les proves puntuables del Gran Premi Catal\u00e0 de Cros. A la prova van participar un total de cinc corredors del nostre club rubinenc: Jan Soler, Miquel Egea, Guillem Guiteras, Eduard Morales i Mireia Morales, l\u2019\u00fanica representant femenina. [&hellip;]<\/p>\n","protected":false},"author":9,"featured_media":0,"comment_status":"closed","ping_status":"closed","sticky":false,"template":"","format":"standard","meta":[],"categories":[2],"tags":[],"_links":{"self":[{"href":"https:\/\/uar.es\/index.php?rest_route=\/wp\/v2\/posts\/1706"}],"collection":[{"href":"https:\/\/uar.es\/index.php?rest_route=\/wp\/v2\/posts"}],"about":[{"href":"https:\/\/uar.es\/index.php?rest_route=\/wp\/v2\/types\/post"}],"author":[{"embeddable":true,"href":"https:\/\/uar.es\/index.php?rest_route=\/wp\/v2\/users\/9"}],"replies":[{"embeddable":true,"href":"https:\/\/uar.es\/index.php?rest_route=%2Fwp%2Fv2%2Fcomments&post=1706"}],"version-history":[{"count":2,"href":"https:\/\/uar.es\/index.php?rest_route=\/wp\/v2\/posts\/1706\/revisions"}],"predecessor-version":[{"id":1709,"href":"https:\/\/uar.es\/index.php?rest_route=\/wp\/v2\/posts\/1706\/revisions\/1709"}],"wp:attachment":[{"href":"https:\/\/uar.es\/index.php?rest_route=%2Fwp%2Fv2%2Fmedia&parent=1706"}],"wp:term":[{"taxonomy":"category","embeddable":true,"href":"https:\/\/uar.es\/index.php?rest_route=%2Fwp%2Fv2%2Fcategories&post=1706"},{"taxonomy":"post_tag","embeddable":true,"href":"https:\/\/uar.es\/index.php?rest_route=%2Fwp%2Fv2%2Ftags&post=1706"}],"curies":[{"name":"wp","href":"https:\/\/api.w.org\/{rel}","templated":true}]}}