{"id":1710,"date":"2016-11-29T17:35:06","date_gmt":"2016-11-29T15:35:06","guid":{"rendered":"http:\/\/uar.es\/?p=1710"},"modified":"2016-11-29T17:35:06","modified_gmt":"2016-11-29T15:35:06","slug":"cros-vila-de-castellar","status":"publish","type":"post","link":"https:\/\/uar.es\/?p=1710","title":{"rendered":"CROS VILA DE CASTELLAR"},"content":{"rendered":"<p style=\"text-align: justify\">Diumenge 27 es va disputar el <strong>39\u00e8\u00a0<\/strong><strong>Cros Vila de Castellar<\/strong> (Memorial Pere Hern\u00e1ndez a Castellar del Vall\u00e8s), organitzat pel CA Castellar al Parc de Colobres i les pistes d\u2019Atletisme de Castellar del Vall\u00e8s.<\/p>\n<p style=\"text-align: justify\">UAR va tenir una gran participaci\u00f3. En la classificaci\u00f3 per equips masculins vam quedar segons en la categoria prebenjam\u00ed, quarts en benjamins, alevins i infantils. Pel que fa a la categoria femenina, la classificaci\u00f3 per equips va ser millor, vam guanyar en benjamins, cinquenes en alevins i finalment terceres en infantil.<\/p>\n<p style=\"text-align: justify\">M\u00e9s de 40 corredors van decidir anar al Cros Vila de Castellar, per\u00f2 cal destacar l\u2019actuaci\u00f3 dels que van pujar al podi.\u00a0En la categoria d\u2019alev\u00ed femen\u00ed ressaltar la segona posici\u00f3 de <strong>Valeria Olalla. Francisco Aragon<\/strong> tamb\u00e9 va quedar segon a la categoria de veterans.<\/p>\n<p style=\"text-align: justify\">Miquel Merino va realitzar una sessi\u00f3 fotogr\u00e0fica que adjuntem al link:<br \/>\n<a href=\"https:\/\/www.flickr.com\/photos\/135933013@N04\/albums\/72157675555215051\">https:\/\/www.flickr.com\/photos\/135933013@N04\/albums\/72157675555215051<\/a><\/p>\n<p><a href=\"http:\/\/uar.es\/wp-content\/uploads\/2016\/11\/30905493760_9e463a1c7d_c.jpg\"><img loading=\"lazy\" class=\"size-medium wp-image-1711 aligncenter\" src=\"http:\/\/uar.es\/wp-content\/uploads\/2016\/11\/30905493760_9e463a1c7d_c-300x199.jpg\" alt=\"30905493760_9e463a1c7d_c\" width=\"300\" height=\"199\" srcset=\"https:\/\/uar.es\/wp-content\/uploads\/2016\/11\/30905493760_9e463a1c7d_c-300x199.jpg 300w, https:\/\/uar.es\/wp-content\/uploads\/2016\/11\/30905493760_9e463a1c7d_c-500x332.jpg 500w, https:\/\/uar.es\/wp-content\/uploads\/2016\/11\/30905493760_9e463a1c7d_c.jpg 600w\" sizes=\"(max-width: 300px) 100vw, 300px\" \/><\/a><\/p>\n","protected":false},"excerpt":{"rendered":"<p>Diumenge 27 es va disputar el 39\u00e8\u00a0Cros Vila de Castellar (Memorial Pere Hern\u00e1ndez a Castellar del Vall\u00e8s), organitzat pel CA Castellar al Parc de Colobres i les pistes d\u2019Atletisme de Castellar del Vall\u00e8s. UAR va tenir una gran participaci\u00f3. En la classificaci\u00f3 per equips masculins vam quedar segons en la categoria prebenjam\u00ed, quarts en benjamins, [&hellip;]<\/p>\n","protected":false},"author":9,"featured_media":0,"comment_status":"closed","ping_status":"closed","sticky":false,"template":"","format":"standard","meta":[],"categories":[2],"tags":[],"_links":{"self":[{"href":"https:\/\/uar.es\/index.php?rest_route=\/wp\/v2\/posts\/1710"}],"collection":[{"href":"https:\/\/uar.es\/index.php?rest_route=\/wp\/v2\/posts"}],"about":[{"href":"https:\/\/uar.es\/index.php?rest_route=\/wp\/v2\/types\/post"}],"author":[{"embeddable":true,"href":"https:\/\/uar.es\/index.php?rest_route=\/wp\/v2\/users\/9"}],"replies":[{"embeddable":true,"href":"https:\/\/uar.es\/index.php?rest_route=%2Fwp%2Fv2%2Fcomments&post=1710"}],"version-history":[{"count":1,"href":"https:\/\/uar.es\/index.php?rest_route=\/wp\/v2\/posts\/1710\/revisions"}],"predecessor-version":[{"id":1712,"href":"https:\/\/uar.es\/index.php?rest_route=\/wp\/v2\/posts\/1710\/revisions\/1712"}],"wp:attachment":[{"href":"https:\/\/uar.es\/index.php?rest_route=%2Fwp%2Fv2%2Fmedia&parent=1710"}],"wp:term":[{"taxonomy":"category","embeddable":true,"href":"https:\/\/uar.es\/index.php?rest_route=%2Fwp%2Fv2%2Fcategories&post=1710"},{"taxonomy":"post_tag","embeddable":true,"href":"https:\/\/uar.es\/index.php?rest_route=%2Fwp%2Fv2%2Ftags&post=1710"}],"curies":[{"name":"wp","href":"https:\/\/api.w.org\/{rel}","templated":true}]}}