{"id":1735,"date":"2016-12-13T00:09:19","date_gmt":"2016-12-12T22:09:19","guid":{"rendered":"http:\/\/uar.es\/?p=1735"},"modified":"2016-12-13T00:11:55","modified_gmt":"2016-12-12T22:11:55","slug":"15e-cros-de-banyoles","status":"publish","type":"post","link":"https:\/\/uar.es\/?p=1735","title":{"rendered":"CROS DE BANYOLES"},"content":{"rendered":"<p style=\"text-align: justify\">Diumenge 11 de desembre es va celebrar la 5\u00e1 jornada del Gran Premi Catal\u00e0 de Cros a Banyoles, \u00fanicament queda una jornada per poder puntuar.<\/p>\n<p style=\"text-align: justify\"><strong>Jan Soler<\/strong> va quedar amb una magnifica <strong>tercera posici\u00f3<\/strong>, parant el crono en 10\u201942\u2019\u2019. Aquesta tercera posici\u00f3 fa que estigui <strong>gaireb\u00e9 classificat per anar amb la Selecci\u00f3 Catalana<\/strong> a Elgoibar (Guipuzcoa) on es disputara el LXXIV Cross Internacional Juan Murguerza.<\/p>\n<p style=\"text-align: justify\"><a href=\"http:\/\/uar.es\/wp-content\/uploads\/2016\/12\/IMG_4890.jpg\"><img loading=\"lazy\" class=\"size-medium wp-image-1736 aligncenter\" src=\"http:\/\/uar.es\/wp-content\/uploads\/2016\/12\/IMG_4890-165x300.jpg\" alt=\"img_4890\" width=\"165\" height=\"300\" srcset=\"https:\/\/uar.es\/wp-content\/uploads\/2016\/12\/IMG_4890-165x300.jpg 165w, https:\/\/uar.es\/wp-content\/uploads\/2016\/12\/IMG_4890.jpg 329w\" sizes=\"(max-width: 165px) 100vw, 165px\" \/><\/a><\/p>\n","protected":false},"excerpt":{"rendered":"<p>Diumenge 11 de desembre es va celebrar la 5\u00e1 jornada del Gran Premi Catal\u00e0 de Cros a Banyoles, \u00fanicament queda una jornada per poder puntuar. Jan Soler va quedar amb una magnifica tercera posici\u00f3, parant el crono en 10\u201942\u2019\u2019. Aquesta tercera posici\u00f3 fa que estigui gaireb\u00e9 classificat per anar amb la Selecci\u00f3 Catalana a Elgoibar [&hellip;]<\/p>\n","protected":false},"author":9,"featured_media":0,"comment_status":"closed","ping_status":"closed","sticky":false,"template":"","format":"standard","meta":[],"categories":[2],"tags":[],"_links":{"self":[{"href":"https:\/\/uar.es\/index.php?rest_route=\/wp\/v2\/posts\/1735"}],"collection":[{"href":"https:\/\/uar.es\/index.php?rest_route=\/wp\/v2\/posts"}],"about":[{"href":"https:\/\/uar.es\/index.php?rest_route=\/wp\/v2\/types\/post"}],"author":[{"embeddable":true,"href":"https:\/\/uar.es\/index.php?rest_route=\/wp\/v2\/users\/9"}],"replies":[{"embeddable":true,"href":"https:\/\/uar.es\/index.php?rest_route=%2Fwp%2Fv2%2Fcomments&post=1735"}],"version-history":[{"count":2,"href":"https:\/\/uar.es\/index.php?rest_route=\/wp\/v2\/posts\/1735\/revisions"}],"predecessor-version":[{"id":1738,"href":"https:\/\/uar.es\/index.php?rest_route=\/wp\/v2\/posts\/1735\/revisions\/1738"}],"wp:attachment":[{"href":"https:\/\/uar.es\/index.php?rest_route=%2Fwp%2Fv2%2Fmedia&parent=1735"}],"wp:term":[{"taxonomy":"category","embeddable":true,"href":"https:\/\/uar.es\/index.php?rest_route=%2Fwp%2Fv2%2Fcategories&post=1735"},{"taxonomy":"post_tag","embeddable":true,"href":"https:\/\/uar.es\/index.php?rest_route=%2Fwp%2Fv2%2Ftags&post=1735"}],"curies":[{"name":"wp","href":"https:\/\/api.w.org\/{rel}","templated":true}]}}