{"id":1739,"date":"2016-12-20T12:20:57","date_gmt":"2016-12-20T10:20:57","guid":{"rendered":"http:\/\/uar.es\/?p=1739"},"modified":"2016-12-20T12:20:57","modified_gmt":"2016-12-20T10:20:57","slug":"competicions-de-desembre","status":"publish","type":"post","link":"https:\/\/uar.es\/?p=1739","title":{"rendered":"COMPETICIONS DE DESEMBRE"},"content":{"rendered":"<p style=\"text-align: justify\">Aquest mes de Desembre la UAR ha participat a un gran nombre de competicions.<\/p>\n<p style=\"text-align: justify\">Pel que fa al <span style=\"text-decoration: underline\">Cros<\/span> han competit un gran nombre d\u2019atletes.\u00a0Destacar l\u2019actuaci\u00f3 de <strong>Jan Soler<\/strong> que esta pendent de que la Federaci\u00f3 Catalana li confirmi la seva assist\u00e8ncia a Elgoibar (Guipuzcoa) per disputar el LXXIV Cros Internacional Juan Murguerza. En aquesta ultima competici\u00f3 a Vic va quedar amb una tercera posici\u00f3.<\/p>\n<p style=\"text-align: justify\"><a href=\"http:\/\/uar.es\/wp-content\/uploads\/2016\/12\/Mario-Suarez.jpg\"><img loading=\"lazy\" class=\"size-medium wp-image-1740 alignright\" src=\"http:\/\/uar.es\/wp-content\/uploads\/2016\/12\/Mario-Suarez-300x200.jpg\" alt=\"mario-suarez\" width=\"300\" height=\"200\" srcset=\"https:\/\/uar.es\/wp-content\/uploads\/2016\/12\/Mario-Suarez-300x200.jpg 300w, https:\/\/uar.es\/wp-content\/uploads\/2016\/12\/Mario-Suarez-500x333.jpg 500w, https:\/\/uar.es\/wp-content\/uploads\/2016\/12\/Mario-Suarez.jpg 600w\" sizes=\"(max-width: 300px) 100vw, 300px\" \/><\/a><\/p>\n<p style=\"text-align: justify\"><strong>Mario Su\u00e1rez<\/strong> i <strong>Thais Montoya<\/strong> van anar el dia 4 de desembre a Gran Canaria a c\u00f3rrer la milla \u201cRenault street run de Maspalomas\u201d, Mario va rec\u00f3rrer 10km i va quedar en 4ta posici\u00f3, per altra banda, Thais va quedar 8ena en la carrera de 5km.<\/p>\n<p style=\"text-align: justify\"><a href=\"http:\/\/uar.es\/wp-content\/uploads\/2016\/12\/Valeria-Olalla.jpg\"><img loading=\"lazy\" class=\"alignleft wp-image-1741 size-medium\" src=\"http:\/\/uar.es\/wp-content\/uploads\/2016\/12\/Valeria-Olalla-e1482229195284-300x211.jpg\" alt=\"valeria-olalla\" width=\"300\" height=\"211\" srcset=\"https:\/\/uar.es\/wp-content\/uploads\/2016\/12\/Valeria-Olalla-e1482229195284-300x211.jpg 300w, https:\/\/uar.es\/wp-content\/uploads\/2016\/12\/Valeria-Olalla-e1482229195284.jpg 354w\" sizes=\"(max-width: 300px) 100vw, 300px\" \/><\/a>El passat 11 de desembre <strong>Valeria Olalla<\/strong> de la UAR va competir al Cros de Gav\u00e0 aconseguint una excel\u00b7lent segona posici\u00f3 amb un temps de 3&#8217;09\u00bb.<\/p>\n<p style=\"text-align: justify\">El 18 de desembre es va c\u00f3rrer un cros al hip\u00f2drom ed Barcelona, <strong>Su\u00e1rez<\/strong> va quedar segon recorrent una dist\u00e0ncia de 5km.<\/p>\n<p style=\"text-align: justify\">Per acabar les competicions de cros, la promoci\u00f3 de la UAR va participar al Cros de Cerdanyola amb un gran nombre d\u2019atletes.<\/p>\n<p style=\"text-align: justify\">A part del cros la UAR tamb\u00e9 ha participat en <span style=\"text-decoration: underline\">competicions de pista<\/span>. Van anar un gran nombre d\u2019atletes de categories <strong>cadet, juvenils i juniors<\/strong> a la pista coberta de Sabadell. I paral\u00b7lelament tamb\u00e9 es van fer unes <span style=\"text-decoration: underline\">combinades<\/span> a Gav\u00e0 on hi van participar atletes<strong> infantils, juvenils i juniors.<\/strong><\/p>\n<p style=\"text-align: justify\">\n<p style=\"text-align: justify\">\n","protected":false},"excerpt":{"rendered":"<p>Aquest mes de Desembre la UAR ha participat a un gran nombre de competicions. Pel que fa al Cros han competit un gran nombre d\u2019atletes.\u00a0Destacar l\u2019actuaci\u00f3 de Jan Soler que esta pendent de que la Federaci\u00f3 Catalana li confirmi la seva assist\u00e8ncia a Elgoibar (Guipuzcoa) per disputar el LXXIV Cros Internacional Juan Murguerza. En aquesta [&hellip;]<\/p>\n","protected":false},"author":9,"featured_media":0,"comment_status":"closed","ping_status":"closed","sticky":false,"template":"","format":"standard","meta":[],"categories":[2],"tags":[],"_links":{"self":[{"href":"https:\/\/uar.es\/index.php?rest_route=\/wp\/v2\/posts\/1739"}],"collection":[{"href":"https:\/\/uar.es\/index.php?rest_route=\/wp\/v2\/posts"}],"about":[{"href":"https:\/\/uar.es\/index.php?rest_route=\/wp\/v2\/types\/post"}],"author":[{"embeddable":true,"href":"https:\/\/uar.es\/index.php?rest_route=\/wp\/v2\/users\/9"}],"replies":[{"embeddable":true,"href":"https:\/\/uar.es\/index.php?rest_route=%2Fwp%2Fv2%2Fcomments&post=1739"}],"version-history":[{"count":1,"href":"https:\/\/uar.es\/index.php?rest_route=\/wp\/v2\/posts\/1739\/revisions"}],"predecessor-version":[{"id":1742,"href":"https:\/\/uar.es\/index.php?rest_route=\/wp\/v2\/posts\/1739\/revisions\/1742"}],"wp:attachment":[{"href":"https:\/\/uar.es\/index.php?rest_route=%2Fwp%2Fv2%2Fmedia&parent=1739"}],"wp:term":[{"taxonomy":"category","embeddable":true,"href":"https:\/\/uar.es\/index.php?rest_route=%2Fwp%2Fv2%2Fcategories&post=1739"},{"taxonomy":"post_tag","embeddable":true,"href":"https:\/\/uar.es\/index.php?rest_route=%2Fwp%2Fv2%2Ftags&post=1739"}],"curies":[{"name":"wp","href":"https:\/\/api.w.org\/{rel}","templated":true}]}}