{"id":1786,"date":"2017-01-18T00:26:56","date_gmt":"2017-01-17T22:26:56","guid":{"rendered":"http:\/\/uar.es\/?p=1786"},"modified":"2017-01-18T15:52:21","modified_gmt":"2017-01-18T13:52:21","slug":"campionat-de-catalunya-de-proves-combinades-2","status":"publish","type":"post","link":"https:\/\/uar.es\/?p=1786","title":{"rendered":"CAMPIONAT DE CATALUNYA DE PROVES COMBINADES"},"content":{"rendered":"<p style=\"text-align: justify\">El cap de setmana passat es va celebrar el Campionat de Catalunya de Proves Combinades a la pista coberta de Sabadell.<\/p>\n<p style=\"text-align: justify\">La U.A.Rub\u00ed va tenir la participaci\u00f3 de dos atletes masculins, Ferran Merino que va participar en l\u2019Heptatl\u00f3 Junior i Adri\u00e0 Navaj\u00f3n en l\u2019Heptatl\u00f3 Juvenil com atleta invitat.<\/p>\n<p style=\"text-align: justify\"><strong>Ferran Merino<\/strong> va tenir l\u2019actuaci\u00f3 m\u00e9s destacada, quedant <strong>campi\u00f3 de Catalunya<\/strong> amb una puntuaci\u00f3 de 4.574, millorant la seva marca notablement.<\/p>\n<p style=\"text-align: justify\"><strong>Adri\u00e0 Navaj\u00f3n<\/strong>\u00a0va ser un dels invitats que m\u00e9s va destacar realitzant\u00a0una puntuaci\u00f3 de 4.390. Tot i no millorar la seva marca personal va fer m\u00ednima pel Campionat d\u2019Espanya en 60mt i en llargada.<\/p>\n<p style=\"text-align: justify\">El resum de marques \u00e9s el seg\u00fcent:<\/p>\n<table style=\"height: 142px\">\n<tbody>\n<tr>\n<td width=\"74\"><\/td>\n<td width=\"73\">\n<p style=\"text-align: center\">60mll<\/p>\n<\/td>\n<td style=\"text-align: center\" width=\"77\">Llargada<\/td>\n<td style=\"text-align: center\" width=\"71\">Pes<\/td>\n<td style=\"text-align: center\" width=\"74\">Al\u00e7ada<\/td>\n<td style=\"text-align: center\" width=\"72\">60mt<\/td>\n<td style=\"text-align: center\" width=\"63\">Perxa<\/td>\n<td width=\"77\">\n<p style=\"text-align: center\">1000mll<\/p>\n<\/td>\n<\/tr>\n<tr>\n<td width=\"74\">\n<p style=\"text-align: center\">Ferran<\/p>\n<\/td>\n<td style=\"text-align: center\" width=\"73\">7.30<\/td>\n<td style=\"text-align: center\" width=\"77\">6.64<\/td>\n<td style=\"text-align: center\" width=\"71\">9.57<\/td>\n<td style=\"text-align: center\" width=\"74\">1.74<\/td>\n<td style=\"text-align: center\" width=\"72\">8.76<\/td>\n<td style=\"text-align: center\" width=\"63\">3.62<\/td>\n<td width=\"77\">\n<p style=\"text-align: center\">2:54:95<\/p>\n<\/td>\n<\/tr>\n<tr>\n<td width=\"74\">\n<p style=\"text-align: center\">Adri\u00e0<\/p>\n<\/td>\n<td style=\"text-align: center\" width=\"73\">7.52<\/td>\n<td style=\"text-align: center\" width=\"77\">6.43<\/td>\n<td style=\"text-align: center\" width=\"71\">10.89<\/td>\n<td style=\"text-align: center\" width=\"74\">1.80<\/td>\n<td style=\"text-align: center\" width=\"72\">8.60<\/td>\n<td width=\"63\">\n<p style=\"text-align: center\">3.02<\/p>\n<\/td>\n<td width=\"77\">3:02:73<\/td>\n<\/tr>\n<\/tbody>\n<\/table>\n<p style=\"text-align: justify\">Enhorabona a tots dos i als seus entrenadors.<\/p>\n<p style=\"text-align: justify\"><a href=\"http:\/\/uar.es\/wp-content\/uploads\/2017\/01\/DSC_3402.jpg\"><img loading=\"lazy\" class=\"alignnone size-medium wp-image-1780\" src=\"http:\/\/uar.es\/wp-content\/uploads\/2017\/01\/DSC_3402-199x300.jpg\" alt=\"DSC_3402\" width=\"199\" height=\"300\" srcset=\"https:\/\/uar.es\/wp-content\/uploads\/2017\/01\/DSC_3402-199x300.jpg 199w, https:\/\/uar.es\/wp-content\/uploads\/2017\/01\/DSC_3402.jpg 398w\" sizes=\"(max-width: 199px) 100vw, 199px\" \/><\/a> <a href=\"http:\/\/uar.es\/wp-content\/uploads\/2017\/01\/DSC_3401.jpg\"><img loading=\"lazy\" class=\"alignnone size-medium wp-image-1781\" src=\"http:\/\/uar.es\/wp-content\/uploads\/2017\/01\/DSC_3401-199x300.jpg\" alt=\"DSC_3401\" width=\"199\" height=\"300\" srcset=\"https:\/\/uar.es\/wp-content\/uploads\/2017\/01\/DSC_3401-199x300.jpg 199w, https:\/\/uar.es\/wp-content\/uploads\/2017\/01\/DSC_3401.jpg 398w\" sizes=\"(max-width: 199px) 100vw, 199px\" \/><\/a><\/p>\n","protected":false},"excerpt":{"rendered":"<p>El cap de setmana passat es va celebrar el Campionat de Catalunya de Proves Combinades a la pista coberta de Sabadell. La U.A.Rub\u00ed va tenir la participaci\u00f3 de dos atletes masculins, Ferran Merino que va participar en l\u2019Heptatl\u00f3 Junior i Adri\u00e0 Navaj\u00f3n en l\u2019Heptatl\u00f3 Juvenil com atleta invitat. Ferran Merino va tenir l\u2019actuaci\u00f3 m\u00e9s destacada, [&hellip;]<\/p>\n","protected":false},"author":9,"featured_media":0,"comment_status":"closed","ping_status":"closed","sticky":false,"template":"","format":"standard","meta":[],"categories":[2],"tags":[],"_links":{"self":[{"href":"https:\/\/uar.es\/index.php?rest_route=\/wp\/v2\/posts\/1786"}],"collection":[{"href":"https:\/\/uar.es\/index.php?rest_route=\/wp\/v2\/posts"}],"about":[{"href":"https:\/\/uar.es\/index.php?rest_route=\/wp\/v2\/types\/post"}],"author":[{"embeddable":true,"href":"https:\/\/uar.es\/index.php?rest_route=\/wp\/v2\/users\/9"}],"replies":[{"embeddable":true,"href":"https:\/\/uar.es\/index.php?rest_route=%2Fwp%2Fv2%2Fcomments&post=1786"}],"version-history":[{"count":3,"href":"https:\/\/uar.es\/index.php?rest_route=\/wp\/v2\/posts\/1786\/revisions"}],"predecessor-version":[{"id":1789,"href":"https:\/\/uar.es\/index.php?rest_route=\/wp\/v2\/posts\/1786\/revisions\/1789"}],"wp:attachment":[{"href":"https:\/\/uar.es\/index.php?rest_route=%2Fwp%2Fv2%2Fmedia&parent=1786"}],"wp:term":[{"taxonomy":"category","embeddable":true,"href":"https:\/\/uar.es\/index.php?rest_route=%2Fwp%2Fv2%2Fcategories&post=1786"},{"taxonomy":"post_tag","embeddable":true,"href":"https:\/\/uar.es\/index.php?rest_route=%2Fwp%2Fv2%2Ftags&post=1786"}],"curies":[{"name":"wp","href":"https:\/\/api.w.org\/{rel}","templated":true}]}}