{"id":1828,"date":"2017-02-21T00:25:16","date_gmt":"2017-02-20T22:25:16","guid":{"rendered":"http:\/\/uar.es\/?p=1828"},"modified":"2017-02-28T00:14:00","modified_gmt":"2017-02-27T22:14:00","slug":"campionat-despanya-absolut","status":"publish","type":"post","link":"https:\/\/uar.es\/?p=1828","title":{"rendered":"IKER G\u00d3MEZ ARRIBA A LES SEMIFINALS DEL CAMPIONAT D\u2019ESPANYA ABSOLUT"},"content":{"rendered":"<p style=\"text-align: justify\">Dissabte es va realitzar el LIII Campionat d\u2019Espanya de pista coberta a Salamanca.<\/p>\n<p style=\"text-align: justify\">El pupilo de Jairo Lorenzo, <strong>Iker G\u00f3mez<\/strong>, va participar en representaci\u00f3 de la UAR en els 200 m.ll. i va fer molt bona actuaci\u00f3, ja que va <strong>millorar la seva millor marca<\/strong> en 21\u201989\u2019\u2019.<\/p>\n<p style=\"text-align: justify\">Va c\u00f3rrer les primeres rondes per poder-se classificar en semifinals, i a les semifinals va acabar en una 12ena posici\u00f3 (22\u201937\u2019\u2019)<\/p>\n<p><a href=\"http:\/\/uar.es\/wp-content\/uploads\/2017\/02\/IMG_0680.jpg\"><img loading=\"lazy\" class=\"size-medium wp-image-1829 aligncenter\" src=\"http:\/\/uar.es\/wp-content\/uploads\/2017\/02\/IMG_0680-169x300.jpg\" alt=\"IMG_0680\" width=\"169\" height=\"300\" srcset=\"https:\/\/uar.es\/wp-content\/uploads\/2017\/02\/IMG_0680-169x300.jpg 169w, https:\/\/uar.es\/wp-content\/uploads\/2017\/02\/IMG_0680.jpg 337w\" sizes=\"(max-width: 169px) 100vw, 169px\" \/><\/a><\/p>\n","protected":false},"excerpt":{"rendered":"<p>Dissabte es va realitzar el LIII Campionat d\u2019Espanya de pista coberta a Salamanca. El pupilo de Jairo Lorenzo, Iker G\u00f3mez, va participar en representaci\u00f3 de la UAR en els 200 m.ll. i va fer molt bona actuaci\u00f3, ja que va millorar la seva millor marca en 21\u201989\u2019\u2019. Va c\u00f3rrer les primeres rondes per poder-se classificar [&hellip;]<\/p>\n","protected":false},"author":9,"featured_media":0,"comment_status":"closed","ping_status":"closed","sticky":false,"template":"","format":"standard","meta":[],"categories":[2],"tags":[],"_links":{"self":[{"href":"https:\/\/uar.es\/index.php?rest_route=\/wp\/v2\/posts\/1828"}],"collection":[{"href":"https:\/\/uar.es\/index.php?rest_route=\/wp\/v2\/posts"}],"about":[{"href":"https:\/\/uar.es\/index.php?rest_route=\/wp\/v2\/types\/post"}],"author":[{"embeddable":true,"href":"https:\/\/uar.es\/index.php?rest_route=\/wp\/v2\/users\/9"}],"replies":[{"embeddable":true,"href":"https:\/\/uar.es\/index.php?rest_route=%2Fwp%2Fv2%2Fcomments&post=1828"}],"version-history":[{"count":2,"href":"https:\/\/uar.es\/index.php?rest_route=\/wp\/v2\/posts\/1828\/revisions"}],"predecessor-version":[{"id":1835,"href":"https:\/\/uar.es\/index.php?rest_route=\/wp\/v2\/posts\/1828\/revisions\/1835"}],"wp:attachment":[{"href":"https:\/\/uar.es\/index.php?rest_route=%2Fwp%2Fv2%2Fmedia&parent=1828"}],"wp:term":[{"taxonomy":"category","embeddable":true,"href":"https:\/\/uar.es\/index.php?rest_route=%2Fwp%2Fv2%2Fcategories&post=1828"},{"taxonomy":"post_tag","embeddable":true,"href":"https:\/\/uar.es\/index.php?rest_route=%2Fwp%2Fv2%2Ftags&post=1828"}],"curies":[{"name":"wp","href":"https:\/\/api.w.org\/{rel}","templated":true}]}}