{"id":1836,"date":"2017-02-28T00:16:14","date_gmt":"2017-02-27T22:16:14","guid":{"rendered":"http:\/\/uar.es\/?p=1836"},"modified":"2017-02-28T00:16:14","modified_gmt":"2017-02-27T22:16:14","slug":"dos-medalles-al-campionat-de-catalunya-juvenil-i-una-minima-pel-campionat-despanya","status":"publish","type":"post","link":"https:\/\/uar.es\/?p=1836","title":{"rendered":"DOS MEDALLES AL CAMPIONAT DE CATALUNYA JUVENIL \u00a0I UNA M\u00cdNIMA PEL CAMPIONAT D\u2019ESPANYA."},"content":{"rendered":"<p style=\"text-align: justify\"><strong>Adri\u00e0 Navaj\u00f3n<\/strong>, atleta rubinenc, va participar en tres proves, 60 metres tanques, llargada i al\u00e7ada. Navaj\u00f3n va aconseguir <strong>dos medalles, una de plata i l\u2019altra d\u2019argent, i una final.<\/strong> En al\u00e7ada va saltar 1.90 metres i se li va atorgar la medalla de plata, en llargada va saltar 6.54 metres i aquest salt i va donar la medalla d\u2019argent i finalment en 60 metres tanques va passar a la final amb un 7\u00e8 millor temps (8\u201955\u2019\u2019) per\u00f2 no va realitzar la final.<\/p>\n<p style=\"text-align: justify\">El rubinenc <strong>David Jim\u00e9nez<\/strong> es va quedar a les semifinals en el 60 metres llisos del Campionat de Catalunya Juvenil de pista coberta, va poder millorar el seu registre amb un temps de 7\u201934\u201d, va quedar en la<strong> novena posici\u00f3 i es va fer la m\u00ednima<\/strong> per poder participar al Campionat d\u2019Espanya del dia 11 i 12 de mar\u00e7.<\/p>\n<p style=\"text-align: justify\">D\u2019altra banda, els rubinencs <strong>Bernat Feliu i Gerard Merino<\/strong> van participar en el 800 metres llisos del Campionat de Catalunya Juvenil.<strong> Feliu<\/strong> va millorar la seva marca en 2:04.78 i va quedar en <strong>desena posici\u00f3, Merino<\/strong> per la seva part va finalitzar la carrera en <strong>catorzena posici\u00f3<\/strong> amb un registre de 2:14.21.<\/p>\n<p style=\"text-align: justify\">La UAR tamb\u00e9 va tenir participaci\u00f3 femenina, en aquest cas de la <strong>Marta Justo<\/strong>, que va realitzar el salt d\u2019al\u00e7ada i va finalitzar el concurs en <strong>desena posici\u00f3<\/strong> amb una marca de 1.38 metres.<\/p>\n<p style=\"text-align: justify\">Felicitats campions.<\/p>\n","protected":false},"excerpt":{"rendered":"<p>Adri\u00e0 Navaj\u00f3n, atleta rubinenc, va participar en tres proves, 60 metres tanques, llargada i al\u00e7ada. Navaj\u00f3n va aconseguir dos medalles, una de plata i l\u2019altra d\u2019argent, i una final. En al\u00e7ada va saltar 1.90 metres i se li va atorgar la medalla de plata, en llargada va saltar 6.54 metres i aquest salt i va [&hellip;]<\/p>\n","protected":false},"author":9,"featured_media":0,"comment_status":"closed","ping_status":"closed","sticky":false,"template":"","format":"standard","meta":[],"categories":[2],"tags":[],"_links":{"self":[{"href":"https:\/\/uar.es\/index.php?rest_route=\/wp\/v2\/posts\/1836"}],"collection":[{"href":"https:\/\/uar.es\/index.php?rest_route=\/wp\/v2\/posts"}],"about":[{"href":"https:\/\/uar.es\/index.php?rest_route=\/wp\/v2\/types\/post"}],"author":[{"embeddable":true,"href":"https:\/\/uar.es\/index.php?rest_route=\/wp\/v2\/users\/9"}],"replies":[{"embeddable":true,"href":"https:\/\/uar.es\/index.php?rest_route=%2Fwp%2Fv2%2Fcomments&post=1836"}],"version-history":[{"count":1,"href":"https:\/\/uar.es\/index.php?rest_route=\/wp\/v2\/posts\/1836\/revisions"}],"predecessor-version":[{"id":1837,"href":"https:\/\/uar.es\/index.php?rest_route=\/wp\/v2\/posts\/1836\/revisions\/1837"}],"wp:attachment":[{"href":"https:\/\/uar.es\/index.php?rest_route=%2Fwp%2Fv2%2Fmedia&parent=1836"}],"wp:term":[{"taxonomy":"category","embeddable":true,"href":"https:\/\/uar.es\/index.php?rest_route=%2Fwp%2Fv2%2Fcategories&post=1836"},{"taxonomy":"post_tag","embeddable":true,"href":"https:\/\/uar.es\/index.php?rest_route=%2Fwp%2Fv2%2Ftags&post=1836"}],"curies":[{"name":"wp","href":"https:\/\/api.w.org\/{rel}","templated":true}]}}